{"id":5829,"date":"2020-07-24T07:32:52","date_gmt":"2020-07-24T10:32:52","guid":{"rendered":"https:\/\/blogs.correiobraziliense.com.br\/denise\/?p=5829"},"modified":"2020-07-24T07:32:52","modified_gmt":"2020-07-24T10:32:52","slug":"bolsonaro-precisa-do-centrao-mas-tenta-impor-limites-a-alguns-nomes-do-bloco","status":"publish","type":"post","link":"https:\/\/blogs.correiobraziliense.com.br\/denise\/bolsonaro-precisa-do-centrao-mas-tenta-impor-limites-a-alguns-nomes-do-bloco\/","title":{"rendered":"Bolsonaro precisa do Centr\u00e3o, mas tenta impor limites a alguns nomes do bloco"},"content":{"rendered":"<h6><strong>Coluna Bras\u00edlia-DF<\/strong><\/h6>\n<p>\u00c9 bom o Centr\u00e3o prestar muita aten\u00e7\u00e3o nos acordos que tem feito com o governo. Em conversas reservadas, deputados do chamado \u201cbolsonarismo raiz\u201d informam que o governo precisa ter base, mas h\u00e1 alguns pontos inegoci\u00e1veis. Por exemplo: apoiar algum nome enroscado com a Lava-Jato para presidente da C\u00e2mara.<\/p>\n<p>Afinal, os aliados do presidente foram para as ruas quando o senador Renan Calheiros (MDB-AL) concorreu \u00e0 presid\u00eancia do Senado, no ano passado. E planejam repetir a dose, se o governo apoiar algu\u00e9m com perfil parecido.<\/p>\n<p>Em tempo: at\u00e9 aqui, como n\u00e3o h\u00e1 candidaturas colocadas oficialmente \u2014 os bolsonaristas evitam \u201cfulanizar\u201d. Mas, nas conversas, informam que o recado tem nome e sobrenome: Arthur Lira (AL), l\u00edder do PP na C\u00e2mara.<\/p>\n<p>Em tempo: ainda faltam seis meses para a elei\u00e7\u00e3o do novo presidente da Casa, e, assim como Delc\u00eddio do Amaral terminou absolvido, Lira pode evitar um dissabor com o bolsonarismo raiz, se tiver a mesma sorte do ex-senador.<\/p>\n<h2><strong>A m\u00fasica toca&#8230;<\/strong><\/h2>\n<p>O grupo aliado a Lira conseguiu identificar de onde v\u00eam os petardos contra a pr\u00e9-candidatura do pepista \u00e0 presid\u00eancia da C\u00e2mara. Os bin\u00f3culos vislumbram ao longe o l\u00edder do MDB, Baleia Rossi (SP), e o vice-presidente da C\u00e2mara, Marcos Pereira (Republicanos-SP). Ambos querem que Lira se inviabilize como candidato ao comando da Casa porque sabem que, assim, suas chances de concorrer ao mesmo posto aumentam.<\/p>\n<h2><strong>\u2026 E s\u00f3 restar\u00e1 uma cadeira<\/strong><\/h2>\n<p>N\u00e3o por acaso, o l\u00edder da maioria, Aguinaldo Ribeiro (PP-PB), avisou que n\u00e3o concorrer\u00e1 contra Arthur Lira. Sabe que, se for fiel ao l\u00edder do seu partido, ter\u00e1 mais chances de ser apoiado por ele mais \u00e0 frente, se for o caso.<\/p>\n<h2><strong>Respiradores, a novela I<\/strong><\/h2>\n<p>No mais novo cap\u00edtulo da novela da venda de respiradores pela SKN do Brasil ao estado do Par\u00e1, a Justi\u00e7a mandou o governo de H\u00e9lder Barbalho devolver os equipamentos \u00e0 empresa, uma vez que o neg\u00f3cio foi desfeito e a maior parte do dinheiro, extornada. A devolu\u00e7\u00e3o de R$ 22,8 milh\u00f5es se deu no in\u00edcio de junho.<\/p>\n<h2><strong>Respiradores, a novela II<\/strong><\/h2>\n<p>Na decis\u00e3o, o juiz Raimundo Santana afirma que a SKN do Brasil n\u00e3o efetuou a devolu\u00e7\u00e3o integral do valor ajustado (R$ 25,2 milh\u00f5es), restando um saldo de R$ 2,4 milh\u00f5es a pagar. Por\u00e9m, diz o juiz, a empresa tem R$ 4 milh\u00f5es a receber do estado do Par\u00e1, relativos \u00e0 venda de bombas de infus\u00e3o.<\/p>\n<h2><em><strong>Curtidas<\/strong><\/em><\/h2>\n<p><strong>CNC e a reforma tribut\u00e1ria\/<\/strong> Preocupada com as consequ\u00eancias da aprova\u00e7\u00e3o das mudan\u00e7as propostas pelo governo sobre a reforma tribut\u00e1ria, a Confedera\u00e7\u00e3o Nacional do Com\u00e9rcio concentra seu n\u00facleo de intelig\u00eancia econ\u00f4mica para formar ju\u00edzo a respeito. O presidente da CNC, Roberto Tadros, liderou uma videoconfer\u00eancia com Francisco Maia, presidente da Fecomercio-DF, Everardo Maciel e alguns diretores da CNC, para formar a equipe de trabalho. Everardo, ex-secret\u00e1rio da Receita Federal, est\u00e1 dando supervis\u00e3o e consultoria \u00e0 for\u00e7a tarefa da CNC, que analisa o projeto.<\/p>\n<p><strong>Alian\u00e7a \u00e9 o Plano A\/<\/strong> O presidente Jair Bolsonaro fez quest\u00e3o de avisar ao pessoal do Alian\u00e7a pelo Brasil que n\u00e3o tem essa de buscar outro partido, que n\u00e3o aquele em que investe sua energia. Em evento com apoiadores de v\u00e1rios estados, reconheceu as dificuldades para viabilizar a legenda, mas afirmou que at\u00e9 o final do ano a nova agremia\u00e7\u00e3o deve estar apta a funcionar. Ele tamb\u00e9m fez um elogio p\u00fablico ao vice-presidente da legenda, Luiz Felipe Belmonte, a quem chamou de \u201ccomandante\u201d do Alian\u00e7a.<\/p>\n<p><strong>Victor Hugo sob ataque\/<\/strong> A retirada da deputada Bia Kicis (PSL-DF) do cargo de vice-l\u00edder do governo aumentou a press\u00e3o para que Bolsonaro substitua Vitor Hugo (PSL-GO) da lideran\u00e7a. At\u00e9 aqui, o presidente tem resistido \u00e0s investidas contra o l\u00edder. Por\u00e9m, o deputado Ricardo Barros (PP-PR), vice-l\u00edder do governo no Congresso, est\u00e1 no aquecimento. Barros tem tocado de ouvido com o senador Eduardo Gomes (MDB-TO), l\u00edder no Congresso, e com o ministro Luiz Eduardo Ramos, da Secretaria de Governo.<\/p>\n<p><strong>Por falar em Bia Kicis&#8230;\/<\/strong> O que mais incomodou a deputada foi o fato de ser dispensada do cargo sem sequer uma satisfa\u00e7\u00e3o do presidente \u2014 soube pela imprensa. Ela n\u00e3o deixar\u00e1 de apoiar o governo, mas seus amigos acreditam que essa m\u00e1goa vai permanecer por muito tempo.<\/p>\n<p><strong>O senhor dos an\u00e9is\/<\/strong> O deputado Capit\u00e3o Augusto (PL-SP) pode at\u00e9 distribuir an\u00e9is banhados a ouro aos colegas, como parte de sua campanha para presidente da C\u00e2mara. Ainda que os parlamentares aceitem e usem o anel no dia da escolha do futuro presidente da Casa, Augusto n\u00e3o consta na lista dos pr\u00e9-candidatos mais promissores para o cargo.<\/p>\n<p><strong>E os tucanos, hein?\/<\/strong> Bola da vez na for\u00e7a-tarefa do Minist\u00e9rio P\u00fablico de S\u00e3o Paulo, o PSDB desce ao n\u00edvel de desgaste em que est\u00e1 o PT. Sinal de que, para as elei\u00e7\u00f5es, novos atores e partidos t\u00eam tudo para ocupar esses espa\u00e7os.<\/p>\n","protected":false},"excerpt":{"rendered":"<p>Coluna Bras\u00edlia-DF \u00c9 bom o Centr\u00e3o prestar muita aten\u00e7\u00e3o nos acordos que tem feito com o governo. Em conversas reservadas, deputados do chamado \u201cbolsonarismo raiz\u201d informam que o governo precisa ter base, mas h\u00e1 alguns pontos inegoci\u00e1veis. Por exemplo: apoiar algum nome enroscado com a Lava-Jato para presidente da C\u00e2mara. Afinal, os aliados do presidente foram para as ruas quando [&hellip;]<\/p>\n","protected":false},"author":29,"featured_media":5726,"comment_status":"closed","ping_status":"closed","sticky":false,"template":"","format":"standard","meta":{"footnotes":""},"categories":[4],"tags":[381,36,135],"class_list":["post-5829","post","type-post","status-publish","format-standard","has-post-thumbnail","hentry","category-coluna-brasilia-df","tag-arthur-lira","tag-bia-kicis","tag-centrao"],"_links":{"self":[{"href":"https:\/\/blogs.correiobraziliense.com.br\/denise\/wp-json\/wp\/v2\/posts\/5829","targetHints":{"allow":["GET"]}}],"collection":[{"href":"https:\/\/blogs.correiobraziliense.com.br\/denise\/wp-json\/wp\/v2\/posts"}],"about":[{"href":"https:\/\/blogs.correiobraziliense.com.br\/denise\/wp-json\/wp\/v2\/types\/post"}],"author":[{"embeddable":true,"href":"https:\/\/blogs.correiobraziliense.com.br\/denise\/wp-json\/wp\/v2\/users\/29"}],"replies":[{"embeddable":true,"href":"https:\/\/blogs.correiobraziliense.com.br\/denise\/wp-json\/wp\/v2\/comments?post=5829"}],"version-history":[{"count":2,"href":"https:\/\/blogs.correiobraziliense.com.br\/denise\/wp-json\/wp\/v2\/posts\/5829\/revisions"}],"predecessor-version":[{"id":5831,"href":"https:\/\/blogs.correiobraziliense.com.br\/denise\/wp-json\/wp\/v2\/posts\/5829\/revisions\/5831"}],"wp:featuredmedia":[{"embeddable":true,"href":"https:\/\/blogs.correiobraziliense.com.br\/denise\/wp-json\/wp\/v2\/media\/5726"}],"wp:attachment":[{"href":"https:\/\/blogs.correiobraziliense.com.br\/denise\/wp-json\/wp\/v2\/media?parent=5829"}],"wp:term":[{"taxonomy":"category","embeddable":true,"href":"https:\/\/blogs.correiobraziliense.com.br\/denise\/wp-json\/wp\/v2\/categories?post=5829"},{"taxonomy":"post_tag","embeddable":true,"href":"https:\/\/blogs.correiobraziliense.com.br\/denise\/wp-json\/wp\/v2\/tags?post=5829"}],"curies":[{"name":"wp","href":"https:\/\/api.w.org\/{rel}","templated":true}]}}