{"id":5813,"date":"2020-07-21T08:12:56","date_gmt":"2020-07-21T11:12:56","guid":{"rendered":"https:\/\/blogs.correiobraziliense.com.br\/denise\/?p=5813"},"modified":"2020-07-21T08:12:56","modified_gmt":"2020-07-21T11:12:56","slug":"mudanca-no-fundeb-e-para-criar-clima-favoravel-a-novos-impostos","status":"publish","type":"post","link":"https:\/\/blogs.correiobraziliense.com.br\/denise\/mudanca-no-fundeb-e-para-criar-clima-favoravel-a-novos-impostos\/","title":{"rendered":"Mudan\u00e7a no Fundeb \u00e9 para criar clima favor\u00e1vel a novos impostos"},"content":{"rendered":"<h6><strong>Coluna Bras\u00edlia-DF<\/strong><\/h6>\n<p>A apresenta\u00e7\u00e3o de uma proposta governamental para o Fundeb, \u00e0s v\u00e9speras da vota\u00e7\u00e3o do projeto, na C\u00e2mara, deu aos parlamentares a certeza de que a equipe econ\u00f4mica far\u00e1 tudo que estiver ao seu alcance para criar um clima favor\u00e1vel a novos impostos. Leia-se o imposto sobre transa\u00e7\u00f5es eletr\u00f4nicas, um transg\u00eanico do antigo imposto do cheque, que pega o cidad\u00e3o, <a href=\"https:\/\/blogs.correiobraziliense.com.br\/denise\/governo-propoe-cobrar-impostos-nas-operacoes-bancarias-eletronicas\/\">as finan\u00e7as e as empresas do mundo digital<\/a>.<\/p>\n<p>O governo est\u00e1 cansado de saber que, no geral, o Congresso n\u00e3o aceitar\u00e1 tirar dinheiro do Fundeb para custear os programas sociais. Por\u00e9m, n\u00e3o h\u00e1 recursos federais para bancar tudo. Da\u00ed, a necessidade de encontrar novas fontes de financiamento. \u00c9 por a\u00ed que a banda governista tocar\u00e1 nas pr\u00f3ximas rodadas de negocia\u00e7\u00f5es.<\/p>\n<h2>\n<strong>Pai \u00e9 uma coisa, filho \u00e9 outra<\/strong><\/h2>\n<p>A maior mensagem da pesquisa XP\/Ipespe, desta semana, foi a clareza com que os entrevistados separam Jair Bolsonaro do seu primog\u00eanito, o senador Fl\u00e1vio Bolsonaro (Republicanos-RJ). A amostragem indica que s\u00f3 8% consideram o presidente envolvido com Fabr\u00edcio Queiroz, ex-assessor de Fl\u00e1vio. Por\u00e9m, 61% acreditam que 01 est\u00e1 enrolado.<\/p>\n<h2>\n<strong>Por falar em 01&#8230;<\/strong><\/h2>\n<p>O depoimento do senador Fl\u00e1vio desta semana deixou uma avenida aberta para que os investigadores pe\u00e7am uma acarea\u00e7\u00e3o entre ele e o suplente, o empres\u00e1rio Paulo Marinho, autor da den\u00fancia de que houve vazamento da opera\u00e7\u00e3o Furna da On\u00e7a para o filho de Bolsonaro. Fl\u00e1vio negou tudo. Agora, a PF quer explorar as contradi\u00e7\u00f5es.<\/p>\n<h2>\n<strong>O grande teste<\/strong><\/h2>\n<p>O fato de o governo ter entrado atrasado na discuss\u00e3o da prorroga\u00e7\u00e3o do Fundeb tirou o tema da lista das provas de fogo da nova base governista. O maior desafio ser\u00e1 a reforma tribut\u00e1ria, que o governo entrega hoje ao Congresso. Num momento em que a cabe\u00e7a dos parlamentares j\u00e1 estava voltada para aprovar uma reforma, incluindo impostos federais e estaduais, a equipe econ\u00f4mica pretende discutir nesta etapa s\u00f3 os federais.<\/p>\n<h2>\n<strong>A lei \u00e9 para todos, viu desembargador?<\/strong><\/h2>\n<p>O caso do desembargador Eduardo Siqueira, o sujeito que humilhou o guarda municipal, em Santos, porque n\u00e3o queria usar m\u00e1scara, inspirou o deputado J\u00falio Delgado (PSB-MG) a sugerir projeto para instituir a \u201clei da carteirada\u201d. Qualquer agente p\u00fablico ser\u00e1 punido com suspens\u00e3o da fun\u00e7\u00e3o de um a quatro anos, em caso de humilha\u00e7\u00e3o ou uso do cargo para n\u00e3o obedecer a lei.<\/p>\n<h2>\n<strong>Curtidas<\/strong><\/h2>\n<p><strong>A escolha de Maia\/<\/strong> At\u00e9 aqui, o presidente da C\u00e2mara, Rodrigo Maia (DEM-RJ), tem surfado entre o Centr\u00e3o, os independentes e a esquerda. A partir de agosto, ter\u00e1 que escolher um caminho entre esses tr\u00eas grupos, cada vez mais delineados.<\/p>\n<p><strong>Lira em movimento\/<\/strong> Deputados que conversam com o l\u00edder do PP, Arthur Lira (AL), garantem que ele est\u00e1 fechando compromissos de campanha para presid\u00eancia da C\u00e2mara.<\/p>\n<p><strong>Covid-19 e democracia\/<\/strong> O grupo de estudos \u201cDireito em tempos de covid-19\u201d, do Instituto Brasiliense de Direito P\u00fablico (IDP), realiza hoje seu 125\u00ba encontro \u201cCovid-19 e impactos na democracia constitucional\u201d. Na live, o diretor e professor associado da Melbourne School e do projeto Democratic Decay &amp; Renawal, Tom Daly; o ministro do STF Gilmar Mendes; e a secret\u00e1ria-geral do Tribunal Superior Eleitoral (TSE) e professora do UniCEUB, Aline Os\u00f3rio, mestre em Direito pela Harvard Law School e em direito p\u00fablico pela Uerj. Na media\u00e7\u00e3o Alonso Freire, doutor em direito p\u00fablico, e Em\u00edlio Peluso Neder Meyer, professor adjunto e coordenador do centro de Estudos sobre Justi\u00e7a de Transi\u00e7\u00e3o da UFMG. A coordena\u00e7\u00e3o do grupo est\u00e1 a cargo do professor e advogado Rodrigo Mudrovitsch e do desembargador Ney Bello.<\/p>\n<p><strong>Vacina, que venha logo\/<\/strong> Tr\u00eas vacinas promissoras para a covid-19 entre as centenas em estudo \u00e9 a melhor not\u00edcia para quem volta das f\u00e9rias. Que venham logo.<\/p>\n","protected":false},"excerpt":{"rendered":"<p>Coluna Bras\u00edlia-DF A apresenta\u00e7\u00e3o de uma proposta governamental para o Fundeb, \u00e0s v\u00e9speras da vota\u00e7\u00e3o do projeto, na C\u00e2mara, deu aos parlamentares a certeza de que a equipe econ\u00f4mica far\u00e1 tudo que estiver ao seu alcance para criar um clima favor\u00e1vel a novos impostos. Leia-se o imposto sobre transa\u00e7\u00f5es eletr\u00f4nicas, um transg\u00eanico do antigo imposto do cheque, que pega o [&hellip;]<\/p>\n","protected":false},"author":29,"featured_media":4885,"comment_status":"closed","ping_status":"closed","sticky":false,"template":"","format":"standard","meta":{"footnotes":""},"categories":[4],"tags":[198,380],"class_list":["post-5813","post","type-post","status-publish","format-standard","has-post-thumbnail","hentry","category-coluna-brasilia-df","tag-cpmf","tag-fundeb"],"_links":{"self":[{"href":"https:\/\/blogs.correiobraziliense.com.br\/denise\/wp-json\/wp\/v2\/posts\/5813","targetHints":{"allow":["GET"]}}],"collection":[{"href":"https:\/\/blogs.correiobraziliense.com.br\/denise\/wp-json\/wp\/v2\/posts"}],"about":[{"href":"https:\/\/blogs.correiobraziliense.com.br\/denise\/wp-json\/wp\/v2\/types\/post"}],"author":[{"embeddable":true,"href":"https:\/\/blogs.correiobraziliense.com.br\/denise\/wp-json\/wp\/v2\/users\/29"}],"replies":[{"embeddable":true,"href":"https:\/\/blogs.correiobraziliense.com.br\/denise\/wp-json\/wp\/v2\/comments?post=5813"}],"version-history":[{"count":1,"href":"https:\/\/blogs.correiobraziliense.com.br\/denise\/wp-json\/wp\/v2\/posts\/5813\/revisions"}],"predecessor-version":[{"id":5814,"href":"https:\/\/blogs.correiobraziliense.com.br\/denise\/wp-json\/wp\/v2\/posts\/5813\/revisions\/5814"}],"wp:featuredmedia":[{"embeddable":true,"href":"https:\/\/blogs.correiobraziliense.com.br\/denise\/wp-json\/wp\/v2\/media\/4885"}],"wp:attachment":[{"href":"https:\/\/blogs.correiobraziliense.com.br\/denise\/wp-json\/wp\/v2\/media?parent=5813"}],"wp:term":[{"taxonomy":"category","embeddable":true,"href":"https:\/\/blogs.correiobraziliense.com.br\/denise\/wp-json\/wp\/v2\/categories?post=5813"},{"taxonomy":"post_tag","embeddable":true,"href":"https:\/\/blogs.correiobraziliense.com.br\/denise\/wp-json\/wp\/v2\/tags?post=5813"}],"curies":[{"name":"wp","href":"https:\/\/api.w.org\/{rel}","templated":true}]}}