{"id":5804,"date":"2020-07-17T07:50:40","date_gmt":"2020-07-17T10:50:40","guid":{"rendered":"https:\/\/blogs.correiobraziliense.com.br\/denise\/?p=5804"},"modified":"2020-07-17T07:50:40","modified_gmt":"2020-07-17T10:50:40","slug":"consegue-se-antecipa-a-guedes-e-lancara-frente-parlamentar-em-defesa-da-renda-basica","status":"publish","type":"post","link":"https:\/\/blogs.correiobraziliense.com.br\/denise\/consegue-se-antecipa-a-guedes-e-lancara-frente-parlamentar-em-defesa-da-renda-basica\/","title":{"rendered":"Consegue se antecipa a Guedes e lan\u00e7ar\u00e1 Frente Parlamentar em defesa da renda b\u00e1sica"},"content":{"rendered":"<h6><strong>Coluna Bras\u00edlia-DF\/Por Carlos Alexandre de Souza<\/strong><\/h6>\n<p>Uma das raz\u00f5es de fundo para a cria\u00e7\u00e3o de uma nova CPMF \u00e9 o drama social que se avizinha com a perspectiva de encerramento do aux\u00edlio emergencial, previsto para agosto. Mais de 60 milh\u00f5es de brasileiros dependem desta ajuda que, como todo recurso, \u00e9 finita. No Congresso, paralelamente \u00e0s articula\u00e7\u00f5es do governo, um grupo de deputados e senadores se organizou para direcionar o debate sobre a ado\u00e7\u00e3o de um programa de renda permanente.<\/p>\n<p>Na pr\u00f3xima ter\u00e7a-feira, est\u00e1 previsto o lan\u00e7amento da Frente Parlamentar Mista em Defesa da Renda B\u00e1sica. A ata de cria\u00e7\u00e3o do bloco suprapartid\u00e1rio conta, at\u00e9 o momento, com a assinatura de 215 parlamentares, de 23 legendas de todo o espectro pol\u00edtico. O deputado Jo\u00e3o Campos (PSB-PE), autor da proposta de cria\u00e7\u00e3o da Frente, deve assumir o comando do grupo.<\/p>\n<p>O senador Alessandro Vieira (Cidadania-SE) e a deputada Tabata Amaral (PDT-SP) ocupar\u00e3o a vice-presid\u00eancia e a secretaria-geral, respectivamente. Esse movimento se antecipa ao programa Renda Brasil, anunciado pelo ministro da Economia, Paulo Guedes, para ser adotado em um cen\u00e1rio p\u00f3s-pandemia. O governo federal ainda precisa enviar proposta ao Congresso.<\/p>\n<h2>\n<strong>Multipartid\u00e1ria<\/strong><\/h2>\n<p>Focada nos debates sobre os programas de renda b\u00e1sica, a Frente em Defesa da Renda B\u00e1sica ter\u00e1 como coordenadores tem\u00e1ticos \u00c2ngela Amin (PP-SC); Fl\u00e1via Arruda (PL-DF); Felipe Rigoni (PSB-ES); Humberto Costa (PT-PE); Marcelo Aro (PP-MG); Marcelo Freixo (PSOL); Orlando Silva (PCdoB-SP); Paulo Teixeira (PT-SP); Pedro Paulo (DEM-RJ); Professor Israel (PV-DF); Randolfe Rodrigues (Rede-AP); Simone Tebet (MDB-MS); e Tasso Jeiressati (PSDB-CE).<\/p>\n<h2>\n<strong>Batalha tribut\u00e1ria<\/strong><\/h2>\n<p>A agenda tribut\u00e1ria definitivamente voltou a tomar vulto no Congresso. A C\u00e2mara retomou, ontem, os trabalhos em comiss\u00e3o para analisar a proposta do deputado Baleia Rossi (MDB-SP), que \u00e9 vista pelo presidente da Casa, Rodrigo Maia, como um ponto de partida para uma reforma que traga importantes benef\u00edcios sociais e econ\u00f4micos. O ministro Paulo Guedes, por sua vez, prometeu entregar, na ter\u00e7a-feira, ao presidente do Senado, Davi Alcolumbre, a t\u00e3o aguardada proposta do governo para a reforma tribut\u00e1ria. Ser\u00e1 um desafio e tanto avan\u00e7ar nos debates em meio \u00e0 pandemia e \u00e0s elei\u00e7\u00f5es.<\/p>\n<h2>\n<strong>Sa\u00edda mais dif\u00edcil<\/strong><\/h2>\n<p>Apesar de fazer ressalvas \u00e0 cria\u00e7\u00e3o de um imposto sobre opera\u00e7\u00f5es financeiras, o presidente do Banco Central, Roberto Campos Neto, considera \u201cmuito relevante\u201d a ideia de desonerar a folha salarial em troca da CPMF. Campos Neto, no entanto, prev\u00ea mais diverg\u00eancias sobre a prioridade de gastos na nova fase da crise, diferentemente das medidas consensuais adotadas no in\u00edcio da pandemia, como Or\u00e7amento de Guerra e o aux\u00edlio emergencial. \u201cA sa\u00edda n\u00e3o ser\u00e1 t\u00e3o organizada. Vai ser mais brigada. Vai gerar um clima entre a vontade do Executivo de diminuir \u2013 em geral, n\u00e3o s\u00f3 no Brasil \u2013 e a vontade dos pol\u00edticos de continuar\u201d, avaliou o presidente do BC, em live promovida pelo Ita\u00fa.<\/p>\n<h2>\n<strong>Nunca mais<\/strong><\/h2>\n<p>O Minist\u00e9rio P\u00fablico Federal denunciou, pelo crime de sequestro e c\u00e1rcere privado, tr\u00eas militares e ex-militares acusados de sequestrar e torturar o advogado Paulo de Tarso Celestino da Silva. Ele foi preso no final de julho de 1971 e est\u00e1 desaparecido at\u00e9 hoje. Segundo a den\u00fancia, Paulo de Tarso militava contra o regime militar e foi preso e torturado na \u201cCasa da Morte\u201d, aparelho clandestino da repress\u00e3o em Petr\u00f3polis (RJ). Os agentes acusados s\u00e3o Rubens Gomes Carneiro, conhecido como Boamorte ou Laecato; Ubirajara Ribeiro de Souza, conhecido como Z\u00e9 Gomes ou Zez\u00e3o; e Antonio Waneir Pinheiro Lima, apelidado Camar\u00e3o. A pena-base para esse crime \u00e9 de dois a oito anos de pris\u00e3o.<\/p>\n<p><strong>Origem ilegal \/<\/strong> Primeiro, foi o mercado. Agora, a ci\u00eancia. Um estudo publicado na revista Science revela que cerca de 20% das exporta\u00e7\u00f5es de carne e soja brasileiras para a Uni\u00e3o Europeia resultam de desmatamento ilegal. Pesquisadores do Brasil, dos EUA e da Alemanha chegaram a essa estimativa ap\u00f3s analisar, a partir de um software de alta pot\u00eancia, 815 mil propriedades rurais no Cerrado e na Amaz\u00f4nia. O estudo cient\u00edfico aumenta a press\u00e3o sobre o governo federal, que tem recebido alertas recorrentes de governos, investidores estrangeiros e at\u00e9 ex-ministros da Fazenda para adotar pol\u00edticas ambientais consistentes e estimular uma retomada econ\u00f4mica verde.<\/p>\n<p><strong>Monitorados \/<\/strong> Antes mesmo do parecer dos cientistas, atores importantes do com\u00e9rcio internacional decidiram impor restri\u00e7\u00f5es a produtos brasileiros. Na semana passada, a Cofco, gigante chinesa que atua como uma das maiores compradoras e processadoras de produtos agr\u00edcolas do mundo, anunciou que vai monitorar a proced\u00eancia de toda a soja brasileira at\u00e9 2023. A commodity tamb\u00e9m sofreu restri\u00e7\u00f5es na Noruega. A Crieg Seafood, peso-pesado na produ\u00e7\u00e3o de salm\u00e3o, suspendeu todo o fornecimento do gr\u00e3o nacional para a ra\u00e7\u00e3o de peixes.<\/p>\n<p><strong>S\u00f3 os fatos \/<\/strong> O controle ambiental \u00e9 cr\u00edtico, entre outras raz\u00f5es, para assegurar os interesses comerciais do Brasil. Em entrevista ao <strong>Correio<\/strong> publicada no in\u00edcio da semana, o embaixador da Uni\u00e3o Europeia no Brasil, Ygnacio Ib\u00e1\u00f1ez, sinalizou o que o bloco econ\u00f4mico espera medidas do Brasil para acelerar o acordo com o Mercosul: \u201cPrecisamos de fatos, e n\u00e3o apenas de declara\u00e7\u00f5es. Os n\u00fameros de junho do desmatamento foram muito negativos e esperamos que as promessas de redu\u00e7\u00e3o do desmatamento sejam cumpridas\u201d.<\/p>\n<p><strong>De Felipe para Felipe \/<\/strong> O presidente nacional da OAB, Felipe Santa Cruz, foi \u00e0s redes sociais para se solidarizar com o youtuber Felipe Neto, que atraiu a f\u00faria dos bolsonaristas ap\u00f3s desancar o presidente em um v\u00eddeo divulgado pelo New York Times. \u201cO v\u00eddeo do @felipeneto est\u00e1 recebendo uma especial carga de \u00f3dio, revolta e inveja; tudo proporcional \u00e0 precis\u00e3o da fala\u201d, comentou Santa Cruz.<\/p>\n","protected":false},"excerpt":{"rendered":"<p>Coluna Bras\u00edlia-DF\/Por Carlos Alexandre de Souza Uma das raz\u00f5es de fundo para a cria\u00e7\u00e3o de uma nova CPMF \u00e9 o drama social que se avizinha com a perspectiva de encerramento do aux\u00edlio emergencial, previsto para agosto. Mais de 60 milh\u00f5es de brasileiros dependem desta ajuda que, como todo recurso, \u00e9 finita. No Congresso, paralelamente \u00e0s articula\u00e7\u00f5es do governo, um grupo [&hellip;]<\/p>\n","protected":false},"author":29,"featured_media":4303,"comment_status":"closed","ping_status":"closed","sticky":false,"template":"","format":"standard","meta":{"footnotes":""},"categories":[4],"tags":[311,134,49,375,376],"class_list":["post-5804","post","type-post","status-publish","format-standard","has-post-thumbnail","hentry","category-coluna-brasilia-df","tag-auxilio-emergencial","tag-congresso-nacional","tag-paulo-guedes","tag-renda-basica","tag-renda-brasil"],"_links":{"self":[{"href":"https:\/\/blogs.correiobraziliense.com.br\/denise\/wp-json\/wp\/v2\/posts\/5804","targetHints":{"allow":["GET"]}}],"collection":[{"href":"https:\/\/blogs.correiobraziliense.com.br\/denise\/wp-json\/wp\/v2\/posts"}],"about":[{"href":"https:\/\/blogs.correiobraziliense.com.br\/denise\/wp-json\/wp\/v2\/types\/post"}],"author":[{"embeddable":true,"href":"https:\/\/blogs.correiobraziliense.com.br\/denise\/wp-json\/wp\/v2\/users\/29"}],"replies":[{"embeddable":true,"href":"https:\/\/blogs.correiobraziliense.com.br\/denise\/wp-json\/wp\/v2\/comments?post=5804"}],"version-history":[{"count":1,"href":"https:\/\/blogs.correiobraziliense.com.br\/denise\/wp-json\/wp\/v2\/posts\/5804\/revisions"}],"predecessor-version":[{"id":5805,"href":"https:\/\/blogs.correiobraziliense.com.br\/denise\/wp-json\/wp\/v2\/posts\/5804\/revisions\/5805"}],"wp:featuredmedia":[{"embeddable":true,"href":"https:\/\/blogs.correiobraziliense.com.br\/denise\/wp-json\/wp\/v2\/media\/4303"}],"wp:attachment":[{"href":"https:\/\/blogs.correiobraziliense.com.br\/denise\/wp-json\/wp\/v2\/media?parent=5804"}],"wp:term":[{"taxonomy":"category","embeddable":true,"href":"https:\/\/blogs.correiobraziliense.com.br\/denise\/wp-json\/wp\/v2\/categories?post=5804"},{"taxonomy":"post_tag","embeddable":true,"href":"https:\/\/blogs.correiobraziliense.com.br\/denise\/wp-json\/wp\/v2\/tags?post=5804"}],"curies":[{"name":"wp","href":"https:\/\/api.w.org\/{rel}","templated":true}]}}