{"id":5797,"date":"2020-07-16T07:43:07","date_gmt":"2020-07-16T10:43:07","guid":{"rendered":"https:\/\/blogs.correiobraziliense.com.br\/denise\/?p=5797"},"modified":"2020-07-16T07:48:39","modified_gmt":"2020-07-16T10:48:39","slug":"jose-dirceu-recebera-quase-r-10-mil-de-aposentadoria-pela-camara","status":"publish","type":"post","link":"https:\/\/blogs.correiobraziliense.com.br\/denise\/jose-dirceu-recebera-quase-r-10-mil-de-aposentadoria-pela-camara\/","title":{"rendered":"Jos\u00e9 Dirceu receber\u00e1 quase R$ 10 mil de aposentadoria pela C\u00e2mara"},"content":{"rendered":"<h6><strong>Coluna Bras\u00edlia-DF\/Por Carlos Alexandre de Souza<\/strong><\/h6>\n<p>O Tribunal de Contas da Uni\u00e3o concedeu aposentadoria a Jos\u00e9 Dirceu. Condenado a 30 anos, 9 meses e dez dias de reclus\u00e3o na Opera\u00e7\u00e3o Lava-Jato, por corrup\u00e7\u00e3o e lavagem de dinheiro, o ex-ministro e ex-deputado federal receber\u00e1 um benef\u00edcio mensal de R$ 9.646,57.<\/p>\n<p><a href=\"https:\/\/www.correiobraziliense.com.br\/app\/noticia\/economia\/2020\/07\/15\/internas_economia,872391\/tcu-concede-aposentadoria-a-jose-dirceu-condenado-pela-lava-jato.shtml\">A an\u00e1lise feita pela Corte<\/a> considerou o tempo de 10 anos e 10 meses que Dirceu teve de mandatos eletivos na C\u00e2mara dos Deputados para conceder a aposentadoria. O ex-parlamentar ingressou na Casa em 1991 e deixou o Legislativo federal em 2007.<\/p>\n<p>Al\u00e9m de Dirceu, foram contemplados com a aposentadoria o ex-ministro da Sa\u00fade Jos\u00e9 Saraiva Felipe e os ex-deputados federais Jos\u00e9 Mentor Guilherme de Mello Netto e Jos\u00e9 Linhares Ponte, tamb\u00e9m investigados pela Lava-Jato.<\/p>\n","protected":false},"excerpt":{"rendered":"<p>Coluna Bras\u00edlia-DF\/Por Carlos Alexandre de Souza O Tribunal de Contas da Uni\u00e3o concedeu aposentadoria a Jos\u00e9 Dirceu. Condenado a 30 anos, 9 meses e dez dias de reclus\u00e3o na Opera\u00e7\u00e3o Lava-Jato, por corrup\u00e7\u00e3o e lavagem de dinheiro, o ex-ministro e ex-deputado federal receber\u00e1 um benef\u00edcio mensal de R$ 9.646,57. A an\u00e1lise feita pela Corte considerou o tempo de 10 anos [&hellip;]<\/p>\n","protected":false},"author":29,"featured_media":4303,"comment_status":"closed","ping_status":"closed","sticky":false,"template":"","format":"standard","meta":{"footnotes":""},"categories":[4],"tags":[204,374,277],"class_list":["post-5797","post","type-post","status-publish","format-standard","has-post-thumbnail","hentry","category-coluna-brasilia-df","tag-camara-dos-deputados","tag-jose-dirceu","tag-tcu"],"_links":{"self":[{"href":"https:\/\/blogs.correiobraziliense.com.br\/denise\/wp-json\/wp\/v2\/posts\/5797","targetHints":{"allow":["GET"]}}],"collection":[{"href":"https:\/\/blogs.correiobraziliense.com.br\/denise\/wp-json\/wp\/v2\/posts"}],"about":[{"href":"https:\/\/blogs.correiobraziliense.com.br\/denise\/wp-json\/wp\/v2\/types\/post"}],"author":[{"embeddable":true,"href":"https:\/\/blogs.correiobraziliense.com.br\/denise\/wp-json\/wp\/v2\/users\/29"}],"replies":[{"embeddable":true,"href":"https:\/\/blogs.correiobraziliense.com.br\/denise\/wp-json\/wp\/v2\/comments?post=5797"}],"version-history":[{"count":2,"href":"https:\/\/blogs.correiobraziliense.com.br\/denise\/wp-json\/wp\/v2\/posts\/5797\/revisions"}],"predecessor-version":[{"id":5800,"href":"https:\/\/blogs.correiobraziliense.com.br\/denise\/wp-json\/wp\/v2\/posts\/5797\/revisions\/5800"}],"wp:featuredmedia":[{"embeddable":true,"href":"https:\/\/blogs.correiobraziliense.com.br\/denise\/wp-json\/wp\/v2\/media\/4303"}],"wp:attachment":[{"href":"https:\/\/blogs.correiobraziliense.com.br\/denise\/wp-json\/wp\/v2\/media?parent=5797"}],"wp:term":[{"taxonomy":"category","embeddable":true,"href":"https:\/\/blogs.correiobraziliense.com.br\/denise\/wp-json\/wp\/v2\/categories?post=5797"},{"taxonomy":"post_tag","embeddable":true,"href":"https:\/\/blogs.correiobraziliense.com.br\/denise\/wp-json\/wp\/v2\/tags?post=5797"}],"curies":[{"name":"wp","href":"https:\/\/api.w.org\/{rel}","templated":true}]}}