{"id":5704,"date":"2020-06-25T07:25:53","date_gmt":"2020-06-25T10:25:53","guid":{"rendered":"http:\/\/blogs.correiobraziliense.com.br\/denise\/?p=5702"},"modified":"2020-06-25T07:25:53","modified_gmt":"2020-06-25T10:25:53","slug":"vitoria-de-opositores-de-aras-no-csmpf-deve-ser-vista-como-preocupacao-para-o-planalto","status":"publish","type":"post","link":"https:\/\/blogs.correiobraziliense.com.br\/denise\/vitoria-de-opositores-de-aras-no-csmpf-deve-ser-vista-como-preocupacao-para-o-planalto\/","title":{"rendered":"Vit\u00f3ria de opositores de Aras deve ser vista como preocupa\u00e7\u00e3o para o Planalto"},"content":{"rendered":"<h6><strong>Coluna Bras\u00edlia-DF<\/strong><\/h6>\n<p>Auxiliares do presidente Jair Bolsonaro foram alertados de que a vit\u00f3ria dos opositores do procurador-geral, Augusto Aras, para o Conselho Superior do Minist\u00e9rio P\u00fablico Federal (CSMPF) esta semana deve ser vista como um sinal de preocupa\u00e7\u00e3o para o Planalto.<\/p>\n<p>Composto por 10 subprocuradores, o CSMPF julga a atua\u00e7\u00e3o dos procuradores e \u00e9 quem d\u00e1 as diretrizes dentro da PGR. Embora os procuradores tenham independ\u00eancia, dali costuma sair o balizamento do trabalho desses profissionais.<\/p>\n<p>A elei\u00e7\u00e3o de Nicolau Dino e M\u00e1rio Bonsaglia para o CSMPF, advers\u00e1rios de Aras, significa que qualquer passo em falso a favor do governo poder\u00e1 ter reflexos. Nesse sentido, quem trabalha para evitar a crise institucional promete prestar mais aten\u00e7\u00e3o a cada movimento do CSMPF.<\/p>\n<h2><strong>Situa\u00e7\u00e3o delicada<\/strong><\/h2>\n<p>O governo come\u00e7ou a mapear todos os potenciais aliados do senador Fl\u00e1vio Bolsonaro no plen\u00e1rio da Casa. Descobriu que o filho do presidente n\u00e3o fez muitos amigos por l\u00e1 neste primeiro ano de mandato. Tem tr\u00e2nsito na Mesa Diretora, mas n\u00e3o nos partidos como um todo.<\/p>\n<h2><strong>Mal pela raiz<\/strong><\/h2>\n<p>A avalia\u00e7\u00e3o de quem estudou o caso \u00e9 de que, se houver qualquer participa\u00e7\u00e3o dele em obstru\u00e7\u00e3o de Justi\u00e7a no esc\u00e2ndalo das rachadinhas e isso for ao Conselho de \u00c9tica, ser\u00e1 um problem\u00e3o. A sa\u00edda para evitar que o caso fique fora de controle \u00e9 impedir que a den\u00fancia chegue a esse colegiado. Pelo menos, at\u00e9 agosto, n\u00e3o h\u00e1 esse perigo.<\/p>\n<h2><strong>Lascou<\/strong><\/h2>\n<p>O Centr\u00e3o trabalha para levar o ex-diretor da Apex M\u00e1rcio Coimbra de volta \u00e0 ag\u00eancia. Por\u00e9m, o atual presidente, almirante S\u00e9rgio Segovia, n\u00e3o quer saber de nomear quem demitiu. No PR do deputado Wellington Roberto, fica a seguinte pergunta: se n\u00e3o consegue indicar uma simples diretoria da Apex, vai indicar o qu\u00ea?<\/p>\n<h2><strong>De mal a pior<\/strong><\/h2>\n<p>Depois do vexame de fazer malabarismos para conseguir ingressar nos Estados Unidos em plena pandemia, Abraham Weintraub ainda corre o risco de passar pelo constrangimento de ver seu ingresso no Banco Mundial ser por pouqu\u00edssimo tempo. \u00c9 que, se for indiciado no inqu\u00e9rito a que responde na Justi\u00e7a, a tend\u00eancia \u00e9 o sistema de compliance impedir sua nomea\u00e7\u00e3o.<\/p>\n<p><strong>Falta o \u201csanto\u201d\/<\/strong> O governador do Maranh\u00e3o, Fl\u00e1vio Dino, tem dito que se as elei\u00e7\u00f5es presidenciais fossem hoje, o centro venceria. S\u00f3 n\u00e3o diz, por\u00e9m, que falta combinar com o centro quem seria o candidato. Hoje, cada um se olha no espelho como \u201co cara\u201d para derrotar Jair Bolsonaro.<\/p>\n<p><strong>Queimou a largada\/<\/strong> A aposta dos aliados de Bolsonaro \u00e9 de que o secret\u00e1rio de Educa\u00e7\u00e3o do Paran\u00e1, Renato Feder, perdeu pontos para ministro por causa da doa\u00e7\u00e3o de R$ 120 mil \u00e0 campanha de Jo\u00e3o Doria, conforme mostrou a rep\u00f3rter Ingrid Soares em not\u00edcia publicada no Correio. Al\u00e9m disso, falou tanto desde a conversa com Bolsonaro, que deixou muitos com o p\u00e9 atr\u00e1s.<\/p>\n<p><strong>Muita calma nessa hora\/<\/strong> Bolsonaro tem dito que n\u00e3o pode errar na escolha do novo ministro da Educa\u00e7\u00e3o. Hoje, s\u00e3o tr\u00eas focos de press\u00e3o pela vaga: os pol\u00edticos, os t\u00e9cnicos e os olavistas. Agradar aos tr\u00eas \u00e9 miss\u00e3o imposs\u00edvel.<\/p>\n<p><strong>Por falar em n\u00e3o errar&#8230;\/<\/strong> No Planalto, assessores veem o depoimento do general Augusto Heleno no inqu\u00e9rito que apura a interfer\u00eancia do presidente na Pol\u00edcia Federal como uma \u201cquest\u00e3o sem\u00e2ntica\u201d. Heleno pode at\u00e9 ter dito que Bolsonaro n\u00e3o tinha problemas em trocar a seguran\u00e7a pessoal. O presidente, por\u00e9m, interpretou que havia. Resta saber se o Minist\u00e9rio P\u00fablico e a Justi\u00e7a v\u00e3o aceitar.<\/p>\n","protected":false},"excerpt":{"rendered":"<p>Coluna Bras\u00edlia-DF Auxiliares do presidente Jair Bolsonaro foram alertados de que a vit\u00f3ria dos opositores do procurador-geral, Augusto Aras, para o Conselho Superior do Minist\u00e9rio P\u00fablico Federal (CSMPF) esta semana deve ser vista como um sinal de preocupa\u00e7\u00e3o para o Planalto. Composto por 10 subprocuradores, o CSMPF julga a atua\u00e7\u00e3o dos procuradores e \u00e9 quem d\u00e1 as diretrizes dentro da [&hellip;]<\/p>\n","protected":false},"author":29,"featured_media":5703,"comment_status":"closed","ping_status":"closed","sticky":false,"template":"","format":"standard","meta":{"footnotes":""},"categories":[4],"tags":[],"class_list":["post-5704","post","type-post","status-publish","format-standard","has-post-thumbnail","hentry","category-coluna-brasilia-df"],"_links":{"self":[{"href":"https:\/\/blogs.correiobraziliense.com.br\/denise\/wp-json\/wp\/v2\/posts\/5704","targetHints":{"allow":["GET"]}}],"collection":[{"href":"https:\/\/blogs.correiobraziliense.com.br\/denise\/wp-json\/wp\/v2\/posts"}],"about":[{"href":"https:\/\/blogs.correiobraziliense.com.br\/denise\/wp-json\/wp\/v2\/types\/post"}],"author":[{"embeddable":true,"href":"https:\/\/blogs.correiobraziliense.com.br\/denise\/wp-json\/wp\/v2\/users\/29"}],"replies":[{"embeddable":true,"href":"https:\/\/blogs.correiobraziliense.com.br\/denise\/wp-json\/wp\/v2\/comments?post=5704"}],"version-history":[{"count":0,"href":"https:\/\/blogs.correiobraziliense.com.br\/denise\/wp-json\/wp\/v2\/posts\/5704\/revisions"}],"wp:featuredmedia":[{"embeddable":true,"href":"https:\/\/blogs.correiobraziliense.com.br\/denise\/wp-json\/wp\/v2\/posts\/5703"}],"wp:attachment":[{"href":"https:\/\/blogs.correiobraziliense.com.br\/denise\/wp-json\/wp\/v2\/media?parent=5704"}],"wp:term":[{"taxonomy":"category","embeddable":true,"href":"https:\/\/blogs.correiobraziliense.com.br\/denise\/wp-json\/wp\/v2\/categories?post=5704"},{"taxonomy":"post_tag","embeddable":true,"href":"https:\/\/blogs.correiobraziliense.com.br\/denise\/wp-json\/wp\/v2\/tags?post=5704"}],"curies":[{"name":"wp","href":"https:\/\/api.w.org\/{rel}","templated":true}]}}