{"id":5703,"date":"2020-06-24T07:35:42","date_gmt":"2020-06-24T10:35:42","guid":{"rendered":"http:\/\/blogs.correiobraziliense.com.br\/denise\/?p=5700"},"modified":"2020-06-24T07:35:42","modified_gmt":"2020-06-24T10:35:42","slug":"e-no-nordeste-que-bolsonaro-tentara-compensar-os-votos-perdidos","status":"publish","type":"post","link":"https:\/\/blogs.correiobraziliense.com.br\/denise\/e-no-nordeste-que-bolsonaro-tentara-compensar-os-votos-perdidos\/","title":{"rendered":"\u00c9 no Nordeste que Bolsonaro tentar\u00e1 compensar os votos perdidos"},"content":{"rendered":"<h6><strong>Coluna Bras\u00edlia-DF<\/strong><\/h6>\n<p>O governo corre contra o tempo para tentar fechar um arcabou\u00e7o de programa social que possa substituir o aux\u00edlio emergencial, de forma a n\u00e3o deixar nem a popula\u00e7\u00e3o nem Jair Bolsonaro desassistidos.<\/p>\n<p>Afinal, em v\u00e1rias cidades do interior do Nordeste, aliados do presidente j\u00e1 ouviram do povo que o aux\u00edlio \u00e9 o \u201cdinheiro do Bolsonaro\u201d, que chegou como um alento neste per\u00edodo de pandemia.<\/p>\n<p>E \u00e9 nessa \u00e1rea social e que o presidente pretende ampliar sua popularidade na regi\u00e3o, que n\u00e3o defendeu sua elei\u00e7\u00e3o em 2018.<\/p>\n<p>Al\u00e9m dos programas sociais, vir\u00e3o as obras. Nesta sexta-feira, por exemplo, Bolsonaro inaugura o Eixo Norte da transposi\u00e7\u00e3o do S\u00e3o Francisco, no Cear\u00e1.<\/p>\n<p>Outras est\u00e3o em curso, como as ferrovias a cargo do Minist\u00e9rio da Infraestrutura, estrat\u00e9gicas para a regi\u00e3o. \u00c9 no Nordeste que Bolsonaro tentar\u00e1 compensar os votos perdidos no Centro-Sul. Falta s\u00f3 combinar com o povo.<\/p>\n<h2>\n<strong>Tal e qual&#8230;<\/strong><\/h2>\n<p>Aliados do presidente est\u00e3o convictos de que, a pre\u00e7os de hoje, acontecer\u00e1 com Bolsonaro o que houve com Lula em 2005: veio o mensal\u00e3o que, como um vendaval, levou v\u00e1rios aliados, at\u00e9 integrantes do partido. Lula balan\u00e7ou, mas, em 2006, foi reeleito.<\/p>\n<h2>\n<strong>\u2026 mas diferente<\/strong><\/h2>\n<p>No mensal\u00e3o, o ex-ministro Jos\u00e9 Dirceu foi afastado e Lula seguiu em frente. O problema agora \u00e9 que, em conversas para l\u00e1 de reservadas, muita gente no governo diz que Bolsonaro n\u00e3o pode fazer o mesmo com um filho, no caso o senador Fl\u00e1vio (Republicanos-RJ).<\/p>\n<h2>\n<strong>V\u00edrus da esperteza contido<\/strong><\/h2>\n<p>Alguns senadores tentaram, no rastro da pandemia da covid-19, for\u00e7ar a porta para emplacar a jun\u00e7\u00e3o das elei\u00e7\u00f5es de prefeitos e vereadores com as de governadores, senadores, deputados federais, estaduais e presidente da Rep\u00fablica. Prevaleceu a ideia de que, algo assim, s\u00f3 mesmo numa ampla reforma pol\u00edtica.<\/p>\n<h2>\n<strong>Improviso imperou<\/strong><\/h2>\n<p>Ao avaliar a ajuda do governo aos estados e munic\u00edpios, a Institui\u00e7\u00e3o Fiscal Independente (IFI), coordenada por Felipe Salto, alerta para a falta de uma an\u00e1lise conjunta das medidas adotadas, o que resultar\u00e1 em desequil\u00edbrio, ou seja, uns receber\u00e3o ajuda al\u00e9m das perdas, e outros aqu\u00e9m. \u201cN\u00e3o se levou em conta o efeito conjunto da ajuda para cada estado\u201d, diz a an\u00e1lise da IFI.<\/p>\n<p><strong>Menos um\/<\/strong> O arquivamento da a\u00e7\u00e3o contra a chapa Bolsonaro-Mour\u00e3o, ontem, no Tribunal Superior Eleitoral (TSE), j\u00e1 era esperado. Mas a tens\u00e3o n\u00e3o acabou. Agora, a novela ser\u00e1 o depoimento de Bolsonaro no inqu\u00e9rito sobre tentativa de interfer\u00eancia na PF.<\/p>\n<p><strong>Se ele p\u00f4de&#8230;\/<\/strong> Em 2017, o ministro do Supremo Tribunal Federal Lu\u00eds Roberto Barroso deu o seguinte despacho para a oitiva do presidente Michel Temer, no inqu\u00e9rito dos portos, em que o emedebista era investigado: \u201cMesmo figurando o senhor presidente na condi\u00e7\u00e3o de investigado em inqu\u00e9rito policial, seja-lhe facultado indicar data e local onde queira ser ouvido pela autoridade policial, bem como informar se prefere encaminhar por escrito sua manifesta\u00e7\u00e3o, assegurado, ainda, seu direito constitucional de se manter em sil\u00eancio\u201d. Bolsonaro quer o mesmo tratamento.<\/p>\n<p><strong>Ponta solta\/<\/strong> A avalia\u00e7\u00e3o de quem conhece a fam\u00edlia de Bolsonaro \u00e9 a de que Fabr\u00edcio Queiroz jamais trair\u00e1 a confian\u00e7a de Fl\u00e1vio. A mulher dele, M\u00e1rcia, que est\u00e1 foragida, \u00e9 considerada a grande inc\u00f3gnita.<\/p>\n<p><strong>Sem sa\u00edda\/<\/strong> O ministro da Sa\u00fade, Eduardo Pazuello, respondeu assim aos deputados e senadores sobre sua perman\u00eancia no cargo at\u00e9 quando o presidente quiser: \u201cAinda estou na ativa e ordem tem que ser cumprida\u201d.<\/p>\n<p><strong>Fakes &amp; penas\/<\/strong> O senador Nelsinho Trad (PSD-MS) fez quest\u00e3o de ir \u00e0 tribuna virtual dizer que foi v\u00edtima de fake news, a distribui\u00e7\u00e3o via WhatsApp de uma lista falsa de benefici\u00e1rios do aux\u00edlio emergencial, na qual aparecem v\u00e1rias pessoas com o sobrenome Trad. Ele definiu assim as mentiras: \u201c\u00c9 como subir no \u00faltimo andar de um edif\u00edcio, pegar um bando de penas e jogar l\u00e1 de cima. Por mais que voc\u00ea junte, imposs\u00edvel pegar todas\u201d, diz.<\/p>\n","protected":false},"excerpt":{"rendered":"<p>Coluna Bras\u00edlia-DF O governo corre contra o tempo para tentar fechar um arcabou\u00e7o de programa social que possa substituir o aux\u00edlio emergencial, de forma a n\u00e3o deixar nem a popula\u00e7\u00e3o nem Jair Bolsonaro desassistidos. Afinal, em v\u00e1rias cidades do interior do Nordeste, aliados do presidente j\u00e1 ouviram do povo que o aux\u00edlio \u00e9 o \u201cdinheiro do Bolsonaro\u201d, que chegou como [&hellip;]<\/p>\n","protected":false},"author":29,"featured_media":5388,"comment_status":"closed","ping_status":"closed","sticky":false,"template":"","format":"standard","meta":{"footnotes":""},"categories":[4],"tags":[311,28,143],"class_list":["post-5703","post","type-post","status-publish","format-standard","has-post-thumbnail","hentry","category-coluna-brasilia-df","tag-auxilio-emergencial","tag-bolsonaro","tag-nordeste"],"_links":{"self":[{"href":"https:\/\/blogs.correiobraziliense.com.br\/denise\/wp-json\/wp\/v2\/posts\/5703","targetHints":{"allow":["GET"]}}],"collection":[{"href":"https:\/\/blogs.correiobraziliense.com.br\/denise\/wp-json\/wp\/v2\/posts"}],"about":[{"href":"https:\/\/blogs.correiobraziliense.com.br\/denise\/wp-json\/wp\/v2\/types\/post"}],"author":[{"embeddable":true,"href":"https:\/\/blogs.correiobraziliense.com.br\/denise\/wp-json\/wp\/v2\/users\/29"}],"replies":[{"embeddable":true,"href":"https:\/\/blogs.correiobraziliense.com.br\/denise\/wp-json\/wp\/v2\/comments?post=5703"}],"version-history":[{"count":0,"href":"https:\/\/blogs.correiobraziliense.com.br\/denise\/wp-json\/wp\/v2\/posts\/5703\/revisions"}],"wp:featuredmedia":[{"embeddable":true,"href":"https:\/\/blogs.correiobraziliense.com.br\/denise\/wp-json\/wp\/v2\/media\/5388"}],"wp:attachment":[{"href":"https:\/\/blogs.correiobraziliense.com.br\/denise\/wp-json\/wp\/v2\/media?parent=5703"}],"wp:term":[{"taxonomy":"category","embeddable":true,"href":"https:\/\/blogs.correiobraziliense.com.br\/denise\/wp-json\/wp\/v2\/categories?post=5703"},{"taxonomy":"post_tag","embeddable":true,"href":"https:\/\/blogs.correiobraziliense.com.br\/denise\/wp-json\/wp\/v2\/tags?post=5703"}],"curies":[{"name":"wp","href":"https:\/\/api.w.org\/{rel}","templated":true}]}}