{"id":5701,"date":"2020-06-23T07:49:32","date_gmt":"2020-06-23T10:49:32","guid":{"rendered":"http:\/\/blogs.correiobraziliense.com.br\/denise\/?p=5695"},"modified":"2020-06-23T07:49:32","modified_gmt":"2020-06-23T10:49:32","slug":"nome-tecnico-cotado-para-educacao-tera-o-desafio-de-montar-equipe-sem-nomes-do-centrao","status":"publish","type":"post","link":"https:\/\/blogs.correiobraziliense.com.br\/denise\/nome-tecnico-cotado-para-educacao-tera-o-desafio-de-montar-equipe-sem-nomes-do-centrao\/","title":{"rendered":"Nome t\u00e9cnico, cotado para Educa\u00e7\u00e3o ter\u00e1 o desafio de montar equipe sem nomes do Centr\u00e3o"},"content":{"rendered":"<h6><strong>Coluna Bras\u00edlia-DF<\/strong><\/h6>\n<p>A indica\u00e7\u00e3o de Renato Feder para o Minist\u00e9rio da Educa\u00e7\u00e3o tira mais um posto da ala ideol\u00f3gica, abrindo espa\u00e7o para um perfil mais t\u00e9cnico e com experi\u00eancia em ensino a dist\u00e2ncia.<\/p>\n<p>O perigo \u00e9 escolher um ministro do setor de educa\u00e7\u00e3o e entregar os cargos do segundo escal\u00e3o para o Centr\u00e3o acomodar seus apadrinhados. Dentro do governo, h\u00e1 quem esteja preocupado com essa abertura.<\/p>\n<p>Caber\u00e1 ao novo ministro, por\u00e9m, pedir ao presidente uma certa carta branca para montar a sua equipe e Jair Bolsonaro aceitar. Na Sa\u00fade, Nelson Teich, o breve, n\u00e3o teve essa sorte.<\/p>\n<h2>\n<strong>Centr\u00e3o quer isonomia<\/strong><\/h2>\n<p>Embora o ministro das Comunica\u00e7\u00f5es, F\u00e1bio Faria, deputado pelo PSD, seja escolha pessoal de Bolsonaro, tem partido do Centr\u00e3o que est\u00e1 com ci\u00fames por causa da indica\u00e7\u00e3o de Feder para a Educa\u00e7\u00e3o. \u00c9 que o fato de ocupar a secretaria de Educa\u00e7\u00e3o do Paran\u00e1, governado por Ratinho J\u00fanior (PSD), \u00e9 visto como mais um cargo para o partido.<\/p>\n<p><strong>Davi, o imbat\u00edvel\/<\/strong> Avalia\u00e7\u00e3o dos senadores \u00e9 a de que n\u00e3o tem para ningu\u00e9m. Se Davi Alcolumbre (DEM-AP) puder ser candidato \u00e0 reelei\u00e7\u00e3o para comandar o Senado por mais dois anos, ganha. N\u00e3o de lavada, mas com alguma folga.<\/p>\n<p><strong>A retomada da reforma&#8230;\/<\/strong> Em live sobre a reforma tribut\u00e1ria, o presidente da Federa\u00e7\u00e3o Brasileira de Associa\u00e7\u00f5es de Fiscais de Tributos Estaduais (Febrafite), Rodrigo Spada, defendeu a necessidade de colocar a mudan\u00e7a nos tributos como a prioridade para o p\u00f3s-pandemia da covid-19. O presidente da C\u00e2mara, Rodrigo Maia (DEM-RJ), calcula que esteja tudo pronto para vota\u00e7\u00e3o a partir de agosto.<\/p>\n<p><strong>&#8230;sob novos par\u00e2metros\/<\/strong> A diferen\u00e7a \u00e9 que, agora, os estados e munic\u00edpios estar\u00e3o mais unidos. Em live do Instituto Brasiliense de Direito P\u00fablico (IDP), o economista Jos\u00e9 Roberto Afonso (foto) lembrou que nunca os governadores estiveram t\u00e3o juntos nas discuss\u00f5es dos temas. Antes era guerra fiscal. Agora, a dificuldade e a falta de coordena\u00e7\u00e3o federal da pandemia permitiram esse di\u00e1logo, que pode ser aproveitado para a discuss\u00e3o da reforma tribut\u00e1ria.<\/p>\n<p><strong>Quem vai \u00e0 praia e ao shopping&#8230;\/<\/strong> \u2026pode perfeitamente ir votar em outubro. Ainda n\u00e3o h\u00e1 um consenso na C\u00e2mara sobre o adiamento das elei\u00e7\u00f5es municipais deste ano para novembro. Em especial, neste momento em que a popula\u00e7\u00e3o come\u00e7a a relaxar as medidas de distanciamento social.<\/p>\n","protected":false},"excerpt":{"rendered":"<p>Coluna Bras\u00edlia-DF A indica\u00e7\u00e3o de Renato Feder para o Minist\u00e9rio da Educa\u00e7\u00e3o tira mais um posto da ala ideol\u00f3gica, abrindo espa\u00e7o para um perfil mais t\u00e9cnico e com experi\u00eancia em ensino a dist\u00e2ncia. O perigo \u00e9 escolher um ministro do setor de educa\u00e7\u00e3o e entregar os cargos do segundo escal\u00e3o para o Centr\u00e3o acomodar seus apadrinhados. Dentro do governo, h\u00e1 [&hellip;]<\/p>\n","protected":false},"author":29,"featured_media":5697,"comment_status":"closed","ping_status":"closed","sticky":false,"template":"","format":"standard","meta":{"footnotes":""},"categories":[4],"tags":[135,360,361],"class_list":["post-5701","post","type-post","status-publish","format-standard","has-post-thumbnail","hentry","category-coluna-brasilia-df","tag-centrao","tag-ministerio-daeducacao","tag-renato-feder"],"_links":{"self":[{"href":"https:\/\/blogs.correiobraziliense.com.br\/denise\/wp-json\/wp\/v2\/posts\/5701","targetHints":{"allow":["GET"]}}],"collection":[{"href":"https:\/\/blogs.correiobraziliense.com.br\/denise\/wp-json\/wp\/v2\/posts"}],"about":[{"href":"https:\/\/blogs.correiobraziliense.com.br\/denise\/wp-json\/wp\/v2\/types\/post"}],"author":[{"embeddable":true,"href":"https:\/\/blogs.correiobraziliense.com.br\/denise\/wp-json\/wp\/v2\/users\/29"}],"replies":[{"embeddable":true,"href":"https:\/\/blogs.correiobraziliense.com.br\/denise\/wp-json\/wp\/v2\/comments?post=5701"}],"version-history":[{"count":0,"href":"https:\/\/blogs.correiobraziliense.com.br\/denise\/wp-json\/wp\/v2\/posts\/5701\/revisions"}],"wp:attachment":[{"href":"https:\/\/blogs.correiobraziliense.com.br\/denise\/wp-json\/wp\/v2\/media?parent=5701"}],"wp:term":[{"taxonomy":"category","embeddable":true,"href":"https:\/\/blogs.correiobraziliense.com.br\/denise\/wp-json\/wp\/v2\/categories?post=5701"},{"taxonomy":"post_tag","embeddable":true,"href":"https:\/\/blogs.correiobraziliense.com.br\/denise\/wp-json\/wp\/v2\/tags?post=5701"}],"curies":[{"name":"wp","href":"https:\/\/api.w.org\/{rel}","templated":true}]}}