{"id":5645,"date":"2020-06-17T19:47:33","date_gmt":"2020-06-17T22:47:33","guid":{"rendered":"http:\/\/blogs.correiobraziliense.com.br\/denise\/?p=5645"},"modified":"2020-06-17T19:47:33","modified_gmt":"2020-06-17T22:47:33","slug":"procuradores-do-df-divulgam-nota-de-apoio-a-deputada-bia-kicis","status":"publish","type":"post","link":"https:\/\/blogs.correiobraziliense.com.br\/denise\/procuradores-do-df-divulgam-nota-de-apoio-a-deputada-bia-kicis\/","title":{"rendered":"Procuradores do DF divulgam nota de apoio \u00e0 deputada Bia Kicis"},"content":{"rendered":"<p>Um grupo de mais de 60 procuradores do DF divulgou hoje uma nota de apoio e solidariedade \u00e0 deputada Bia Kicis, um dos alvos do inqu\u00e9rito a respeito das manifesta\u00e7\u00f5es antidemocr\u00e1ticas. No texto, os procuradores lembram que ela sempre atuou &#8220;dentro da lei e da Constitui\u00e7\u00e3o, seja como Procuradora, seja como Parlamentar&#8221;. A nota ressalta que a postura proba e combativa rendeu a Bia, procuradora aposentada, a admira\u00e7\u00e3o dos colegas. Ao final, o texto manda um recado ao ministro Alexandre Moraes, respons\u00e1vel pelo inqu\u00e9rito, ao mencionar que esperam uma investiga\u00e7\u00e3o feita de forma transparente, &#8220;observando os estritos limites da legisla\u00e7\u00e3o e respeitando o contradit\u00f3rio e a ampla defesa&#8221;.<\/p>\n<p>Eis a \u00edntegra:<\/p>\n<p>&#8220;NOTA DE APOIO \u00c0 DEPUTADA FEDERAL BEATRIZ KICIS<\/p>\n<p>Os Procuradores do Distrito Federal abaixo nominados v\u00eam a p\u00fablico manifestar seu apoio e solidariedade \u00e0 Procuradora do Distrito Federal aposentada e Deputada Federal Beatriz Kicis.<br \/>\nEleita democraticamente representante do povo, foi legitimamente comissionada na fun\u00e7\u00e3o de defender suas opini\u00f5es sobre o papel do estado e do governo no atual momento do Brasil, sempre atuando dentro da lei e da Constitui\u00e7\u00e3o, seja como Procuradora, seja como Parlamentar.<\/p>\n<p>Sua postura proba e combativa lhe rendeu a admira\u00e7\u00e3o dos colegas de Procuradoria, onde atuou com absoluta retid\u00e3o por 24 (vinte e quatro) anos e construiu uma hist\u00f3ria de respeito \u00e0s institui\u00e7\u00f5es democr\u00e1ticas e de defesa do estado democr\u00e1tico de direito, tendo exercido os cargos de Chefe da 1a SPR, Procuradora-Geral Adjunta, Coordenadora da Execu\u00e7\u00e3o Fiscal, Chefe de Gabinete, Coordenadora dos Tribunais Superiores e Corregedora-Geral por dois mandatos.<\/p>\n<p>Por essa raz\u00e3o, os Procuradores que integram e aderem \u00e0 presente nota depositam na Deputada Federal Beatriz Kicis a integral confian\u00e7a sobre sua inoc\u00eancia.<\/p>\n<p>Confiamos que a investiga\u00e7\u00e3o em face da Deputada tamb\u00e9m preservar\u00e1 esses mesmos valores e que ser\u00e1 feita de forma transparente, observando os estritos limites da legisla\u00e7\u00e3o e respeitando o contradit\u00f3rio e a ampla defesa.<\/p>\n<p>Bras\u00edlia, 17 de junho de 2020.<\/p>\n<p>Ademir Marcos Afonso<br \/>\nAdonias Ara\u00fajo do Prado<br \/>\nAlexandre Castro Cerqueira<br \/>\nAlfredo Henrique Rebello Brand\u00e3o<br \/>\nCarlos Augusto Valenza Diniz<br \/>\nCarlos Odon Lopes da Rocha<br \/>\nDaniel Eduardo Garcia Amorelli<br \/>\nDenise Ladeira Costa Ferreira<\/p>\n<p>NOTA DE APOIO \u00c0 DEPUTADA FEDERAL BEATRIZ KICIS \u2013 ANEXO I<br \/>\nDiana de Almeida Ramos Arantes<br \/>\nEduardo Muniz Machado Cavalcanti<br \/>\nEdvaldo Costa Barreto J\u00fanior<br \/>\nF\u00e1bio Soares Janot<br \/>\nFernando Cunha J\u00fanior<br \/>\nFernando Jos\u00e9 Longo Filho<br \/>\nFlavio Jaime de Moraes Jardim<br \/>\nGabriel Abbad Silveira<br \/>\nGisele de Britto<br \/>\nGiullianno Ca\u00e7ula Mendes<br \/>\nGustavo Assis de Oliveira<br \/>\nGustavo Geraldo Pereira Machado<br \/>\nIran Machado Nascimento<br \/>\nIvan Machado Barbosa<br \/>\nIzabela Frota Melo<br \/>\nJo\u00e3o Pedro Avelar Pires<br \/>\nJuliana Tavares Almeida<br \/>\nKarla Aparecida de Souza Motta<br \/>\nLeandro Zannoni Apolin\u00e1rio de Alencar<br \/>\nLeda Maria Soares Janot<br \/>\nLeodito Luiz de Faria<br \/>\nLeonardo Antonio de Sanches<br \/>\nLuciana Ribeiro e Fonseca<br \/>\nLu\u00eds Augusto Scandiuzzi<br \/>\nLuis Eduardo Correia Serra<br \/>\nM\u00e1rcia Carvalho Gazeta<br \/>\nM\u00e1rcio Wanderley de Azevedo<\/p>\n<p>NOTA DE APOIO \u00c0 DEPUTADA FEDERAL BEATRIZ KICIS \u2013 ANEXO II<br \/>\nMarcos Vinicius Witczak<br \/>\nMaria do Perp\u00e9tuo do Socorro Vieira Martins<br \/>\nMaria J\u00falia Ferreira C\u00e9sar<br \/>\nMaria Juraci da Silva<br \/>\nMaria Magali dos Santos<br \/>\nMaria Wilma de Azevedo Silva Mansur<br \/>\nMaria Zuleika de Oliveira Rocha<br \/>\nMario Hermes Trigo de Loureiro Filho<br \/>\nMarta Blom Chen Yen<br \/>\nOsdymar Montenegro Matos<br \/>\nPaola Aires Corr\u00eaa Lima<br \/>\nPatr\u00edcia Cardador Martins Pinto<br \/>\nPatr\u00edcia Quida Salles<br \/>\nPaulo Fernando Ramos Serejo<br \/>\nRaimundo da Costa Santos Neto<br \/>\nRicardo Sussumu Ogata<br \/>\nRodrigo Jos\u00e9 Coelho Faggiani<br \/>\nRog\u00e9rio Andrade Cavalcanti Araujo<br \/>\nRog\u00e9rio Oliveira Anderson<br \/>\nRosana Alves Filgueiras Nunes Fernandes<br \/>\nSebasti\u00e3o do Esp\u00edrito Santo Neto<br \/>\nS\u00e9rgio Marcos Alvarenga da Silva<br \/>\nSu Yun Yang<br \/>\nTatiana Ferreira Tamer Lyrio<br \/>\nTeresa Amaro Campelo Bezerra<br \/>\nUrsula Ribeiro de Figueiredo Teixeira<br \/>\nVal\u00e9ria Ilda Duarte Pessoa<\/p>\n<p>NOTA DE APOIO \u00c0 DEPUTADA FEDERAL BEATRIZ KICIS \u2013 ANEXO III<br \/>\nVera Francisca Fialho Mussi Amorelli<br \/>\nVicente Martins da Costa Junior<br \/>\nVin\u00edcius Silva Pacheco<br \/>\nWalfr\u00eado Frederico de Siqueira Cabral Dias<br \/>\nWelbio Coelho Silva<br \/>\nWesley Ricardo Bento&#8221;<\/p>\n","protected":false},"excerpt":{"rendered":"<p>Um grupo de mais de 60 procuradores do DF divulgou hoje uma nota de apoio e solidariedade \u00e0 deputada Bia Kicis, um dos alvos do inqu\u00e9rito a respeito das manifesta\u00e7\u00f5es antidemocr\u00e1ticas. No texto, os procuradores lembram que ela sempre atuou &#8220;dentro da lei e da Constitui\u00e7\u00e3o, seja como Procuradora, seja como Parlamentar&#8221;. A nota ressalta que a postura proba e [&hellip;]<\/p>\n","protected":false},"author":29,"featured_media":5647,"comment_status":"closed","ping_status":"closed","sticky":false,"template":"","format":"standard","meta":{"footnotes":""},"categories":[354],"tags":[36,34],"class_list":["post-5645","post","type-post","status-publish","format-standard","has-post-thumbnail","hentry","category-stf-versus-bolsonaristas","tag-bia-kicis","tag-stf"],"_links":{"self":[{"href":"https:\/\/blogs.correiobraziliense.com.br\/denise\/wp-json\/wp\/v2\/posts\/5645","targetHints":{"allow":["GET"]}}],"collection":[{"href":"https:\/\/blogs.correiobraziliense.com.br\/denise\/wp-json\/wp\/v2\/posts"}],"about":[{"href":"https:\/\/blogs.correiobraziliense.com.br\/denise\/wp-json\/wp\/v2\/types\/post"}],"author":[{"embeddable":true,"href":"https:\/\/blogs.correiobraziliense.com.br\/denise\/wp-json\/wp\/v2\/users\/29"}],"replies":[{"embeddable":true,"href":"https:\/\/blogs.correiobraziliense.com.br\/denise\/wp-json\/wp\/v2\/comments?post=5645"}],"version-history":[{"count":0,"href":"https:\/\/blogs.correiobraziliense.com.br\/denise\/wp-json\/wp\/v2\/posts\/5645\/revisions"}],"wp:featuredmedia":[{"embeddable":true,"href":"https:\/\/blogs.correiobraziliense.com.br\/denise\/wp-json\/wp\/v2\/media\/5647"}],"wp:attachment":[{"href":"https:\/\/blogs.correiobraziliense.com.br\/denise\/wp-json\/wp\/v2\/media?parent=5645"}],"wp:term":[{"taxonomy":"category","embeddable":true,"href":"https:\/\/blogs.correiobraziliense.com.br\/denise\/wp-json\/wp\/v2\/categories?post=5645"},{"taxonomy":"post_tag","embeddable":true,"href":"https:\/\/blogs.correiobraziliense.com.br\/denise\/wp-json\/wp\/v2\/tags?post=5645"}],"curies":[{"name":"wp","href":"https:\/\/api.w.org\/{rel}","templated":true}]}}