{"id":5632,"date":"2020-06-17T07:33:14","date_gmt":"2020-06-17T10:33:14","guid":{"rendered":"http:\/\/blogs.correiobraziliense.com.br\/denise\/?p=5632"},"modified":"2020-06-17T07:33:14","modified_gmt":"2020-06-17T10:33:14","slug":"operacao-contra-aliados-pode-ser-usada-para-bolsonaro-negar-que-ha-interferencia-na-pf","status":"publish","type":"post","link":"https:\/\/blogs.correiobraziliense.com.br\/denise\/operacao-contra-aliados-pode-ser-usada-para-bolsonaro-negar-que-ha-interferencia-na-pf\/","title":{"rendered":"Opera\u00e7\u00e3o contra aliados pode ser usada para Bolsonaro negar que h\u00e1 interfer\u00eancia na PF"},"content":{"rendered":"<h6><strong>Coluna Bras\u00edlia-DF<\/strong><\/h6>\n<p>At\u00e9 aqui, muita das reclama\u00e7\u00f5es dos deputados sobre o inqu\u00e9rito das fake news era de que n\u00e3o havia a participa\u00e7\u00e3o da Procuradoria Geral da Rep\u00fablica. Esse argumento caiu por terra com a Opera\u00e7\u00e3o Lume, dentro do inqu\u00e9rito dos atos antidemocr\u00e1ticos que pregam o fechamento dos Poderes Legislativo e Judici\u00e1rio. Nela, tudo foi feito a pedido do Minist\u00e9rio P\u00fablico, inclusive a quebra de sigilo dos parlamentares.<\/p>\n<p>Reclama\u00e7\u00f5es dos deputados \u00e0 parte, aliados do Pal\u00e1cio do Planalto querem transformar o lim\u00e3o em limonada. Tratam a a\u00e7\u00e3o como mais uma prova de que a troca na Pol\u00edcia Federal n\u00e3o resultou em interfer\u00eancia nos trabalhos dos policiais \u2014 isso porque o presidente Jair Bolsonaro n\u00e3o foi informado com anteced\u00eancia da Lume, que constrange justamente os aliados e o vice-presidente do Alian\u00e7a pelo Brasil, Lu\u00eds Felipe Belmonte. O que fez mal para alguns, pode ser a senha para que Bolsonaro se defenda no processo de interfer\u00eancia da PF.<\/p>\n<h2><strong>Mantenha dist\u00e2ncia<\/strong><\/h2>\n<p>Ainda que o partido tenha os l\u00edderes do governo no Senado, Fernando Bezerra Coelho, e o do Congresso, senador Eduardo Gomes, o MDB n\u00e3o embarcar\u00e1 com os dois p\u00e9s no governo. Por isso, desde que Osmar Terra foi cogitado para assumir o Minist\u00e9rio da Sa\u00fade, o partido avisou que n\u00e3o seria da sua lavra. A ordem \u00e9 ficar independente para atuar como achar melhor.<\/p>\n<h2><strong>Muito al\u00e9m dos inqu\u00e9ritos<\/strong><\/h2>\n<p>O presidente Jair Bolsonaro foi aconselhado a aproveitar as solenidades de hoje para detalhar o trabalho do governo e mostrar que tem projeto. O ponto alto, sob o aspecto econ\u00f4mico, ser\u00e1 o lan\u00e7amento do Plano Safra. Se fizer um discurso raivoso por causa das investiga\u00e7\u00f5es em curso contra seus apoiadores, jogar\u00e1 na tens\u00e3o e n\u00e3o na recupera\u00e7\u00e3o da economia, que le tanto prega.<\/p>\n<h2><strong>Muito al\u00e9m de 300<\/strong><\/h2>\n<p>O foco, segundo apoiadores, tem que ser agora no sentido de ampliar a convic\u00e7\u00e3o do mercado de que o governo tem condi\u00e7\u00f5es de liderar a retomada quando a pandemia passar. At\u00e9 aqui, a percep\u00e7\u00e3o geral \u00e9 a de que o Executivo central n\u00e3o soube administrar a crise de sa\u00fade p\u00fablica. Se a popula\u00e7\u00e3o perder a percep\u00e7\u00e3o de que o governo administra a economia, ser\u00e1 dif\u00edcil manter apoio. Nesse caso, h\u00e1 quem diga que, se sobrar o grupo dos 300, ser\u00e1 muito.<\/p>\n<h2><strong>A outra elei\u00e7\u00e3o<\/strong><\/h2>\n<p>O presidente da C\u00e2mara, Rodrigo Maia, come\u00e7a esta semana a sentir o pulso dos l\u00edderes em rela\u00e7\u00e3o \u00e0 disputa pela sua sucess\u00e3o. Por enquanto, \u00e9 s\u00f3 aquela conversinha despretensiosa mesmo.<\/p>\n<p><strong>Vem press\u00e3o\/<\/strong> Os partidos come\u00e7am a cogitar o adiamento das conven\u00e7\u00f5es partid\u00e1rias para escolha de candidatos, que podem ocorrer entre 20 de julho e 10 de agosto. Especialmente no interior do pa\u00eds, essas reuni\u00f5es, dizem os pol\u00edticos, s\u00f3 funcionam olho no olho.<\/p>\n<p><strong>Por falar em elei\u00e7\u00e3o&#8230;\/<\/strong> Na segunda edi\u00e7\u00e3o do projeto \u201cFolheando a Mem\u00f3ria: ex-presidentes e a Democracia Brasileira\u201d, a Academia Brasileira de Direito Eleitoral e Pol\u00edtico ouviu do ex-presidente Fernando Collor que \u201cprorroga\u00e7\u00e3o e unifica\u00e7\u00e3o de mandatos s\u00e3o um atentado ao processo democr\u00e1tico\u201d. Collor foi enf\u00e1tico: \u201cTrata-se de um arranjo que se fazia no passado para satisfazer os objetivos pol\u00edticos de detentores do poder \u00e0 \u00e9poca, mas isso \u00e9 inconstitucional\u201d.<\/p>\n<p><strong>Tens\u00e3o a\u00e9rea\/<\/strong> Quem \u00e9 obrigado a viajar est\u00e1 muito preocupado com voos lotados, sem o respeito \u00e0s regras de distanciamento social. Quem j\u00e1 teve covid-19 segue tranquilo, mas quem n\u00e3o teve ou n\u00e3o sabe se teve, viaja preocupado.<\/p>\n<p><strong>Pensando bem&#8230;\/<\/strong> O 300 pelo Brasil conseguiu quebrar o velho ditado de que n\u00e3o se briga com quem veste saias, mulher, bispo e juiz. Com os ju\u00edzes, eles brigam h\u00e1 algum tempo. Agora, foi a vez da Igreja cat\u00f3lica, ao amea\u00e7ar Dom Marcony.<\/p>\n","protected":false},"excerpt":{"rendered":"<p>Coluna Bras\u00edlia-DF At\u00e9 aqui, muita das reclama\u00e7\u00f5es dos deputados sobre o inqu\u00e9rito das fake news era de que n\u00e3o havia a participa\u00e7\u00e3o da Procuradoria Geral da Rep\u00fablica. Esse argumento caiu por terra com a Opera\u00e7\u00e3o Lume, dentro do inqu\u00e9rito dos atos antidemocr\u00e1ticos que pregam o fechamento dos Poderes Legislativo e Judici\u00e1rio. Nela, tudo foi feito a pedido do Minist\u00e9rio P\u00fablico, [&hellip;]<\/p>\n","protected":false},"author":29,"featured_media":5633,"comment_status":"closed","ping_status":"closed","sticky":false,"template":"","format":"standard","meta":{"footnotes":""},"categories":[4],"tags":[28,350],"class_list":["post-5632","post","type-post","status-publish","format-standard","has-post-thumbnail","hentry","category-coluna-brasilia-df","tag-bolsonaro","tag-operacao-lume"],"_links":{"self":[{"href":"https:\/\/blogs.correiobraziliense.com.br\/denise\/wp-json\/wp\/v2\/posts\/5632","targetHints":{"allow":["GET"]}}],"collection":[{"href":"https:\/\/blogs.correiobraziliense.com.br\/denise\/wp-json\/wp\/v2\/posts"}],"about":[{"href":"https:\/\/blogs.correiobraziliense.com.br\/denise\/wp-json\/wp\/v2\/types\/post"}],"author":[{"embeddable":true,"href":"https:\/\/blogs.correiobraziliense.com.br\/denise\/wp-json\/wp\/v2\/users\/29"}],"replies":[{"embeddable":true,"href":"https:\/\/blogs.correiobraziliense.com.br\/denise\/wp-json\/wp\/v2\/comments?post=5632"}],"version-history":[{"count":0,"href":"https:\/\/blogs.correiobraziliense.com.br\/denise\/wp-json\/wp\/v2\/posts\/5632\/revisions"}],"wp:featuredmedia":[{"embeddable":true,"href":"https:\/\/blogs.correiobraziliense.com.br\/denise\/wp-json\/wp\/v2\/media\/5633"}],"wp:attachment":[{"href":"https:\/\/blogs.correiobraziliense.com.br\/denise\/wp-json\/wp\/v2\/media?parent=5632"}],"wp:term":[{"taxonomy":"category","embeddable":true,"href":"https:\/\/blogs.correiobraziliense.com.br\/denise\/wp-json\/wp\/v2\/categories?post=5632"},{"taxonomy":"post_tag","embeddable":true,"href":"https:\/\/blogs.correiobraziliense.com.br\/denise\/wp-json\/wp\/v2\/tags?post=5632"}],"curies":[{"name":"wp","href":"https:\/\/api.w.org\/{rel}","templated":true}]}}