{"id":5627,"date":"2020-06-16T09:33:09","date_gmt":"2020-06-16T12:33:09","guid":{"rendered":"http:\/\/blogs.correiobraziliense.com.br\/denise\/?p=5627"},"modified":"2020-06-16T09:33:09","modified_gmt":"2020-06-16T12:33:09","slug":"apos-fogos-no-stf-bolsonaro-se-afasta-de-grupos-radicais","status":"publish","type":"post","link":"https:\/\/blogs.correiobraziliense.com.br\/denise\/apos-fogos-no-stf-bolsonaro-se-afasta-de-grupos-radicais\/","title":{"rendered":"Ap\u00f3s fogos no STF, Bolsonaro se afasta de grupos radicais"},"content":{"rendered":"<h6><strong>Coluna Bras\u00edlia-DF<\/strong><\/h6>\n<p>A chuva de fogos em tom de amea\u00e7a ao Supremo Tribunal Federal foi o limite para que quem tem ju\u00edzo no governo tivesse sucesso ao pedir para o presidente Jair Bolsonaro manter alguma dist\u00e2ncia de grupos radicais. Por isso, ele n\u00e3o participou da manifesta\u00e7\u00e3o do \u00faltimo domingo, aquela que resultou na multa a Abraham Weintraub por sair sem m\u00e1scara.<\/p>\n<p>De quebra, ainda deu um pux\u00e3o de orelhas a Weintraub durante entrevista \u00e0 <em>BandNews<\/em>. Esses sinais foram considerados um pedido de tr\u00e9gua por parte do Poder Executivo e tentativa de distensionar o ambiente pol\u00edtico.<\/p>\n<p>S\u00f3 tem um probleminha: se o presidente quiser mesmo demonstrar que n\u00e3o apoia e nem concorda com grupos radicais, ter\u00e1 que continuar nesse caminho de distanciamento social dos apoiadores que pregam o fechamento das institui\u00e7\u00f5es.<\/p>\n<p>At\u00e9 aqui, os gestos do governo s\u00e3o, ora a favor do di\u00e1logo democr\u00e1tico, ora jogando no tensionamento. O \u201cmodo distens\u00e3o\u201d, dizem aliados, precisa virar uma constante a fim de evitar que os grupos radicais sejam totalmente colados \u00e0 imagem presidencial.<\/p>\n<h2><strong>Onde mora o perigo<\/strong><\/h2>\n<p>O receio de quem tem ju\u00edzo no governo \u00e9 que as investiga\u00e7\u00f5es que levaram \u00e0 pris\u00e3o bolsonaristas radicais cheguem a financiadores muito pr\u00f3ximos ao presidente. Isso \u00e9 o que mais preocupa sob o ponto de vista pol\u00edtico.<\/p>\n<h2>\nAux\u00edlio da disc\u00f3rdia<\/h2>\n<p>Os parlamentares n\u00e3o engoliram at\u00e9 hoje o fato de o presidente Jair Bolsonaro ter jogado para faturar sozinho a concess\u00e3o do aux\u00edlio de R$ 600 quando come\u00e7ou a pandemia. Naquele per\u00edodo, a proposta inicial do governo era de R$ 200. Por isso, agora, ser\u00e1 dif\u00edcil convencer o Parlamento de que o valor sugerido ser\u00e1 o que, realmente, o Executivo estar\u00e1 em condi\u00e7\u00f5es de pagar.<\/p>\n<p><strong>Depois de Sara \u201cWinter\u201d Giromini&#8230;\/<\/strong> Silas Malafaia gravou um v\u00eddeo no Facebook acusando o Supremo Tribunal Federal de querer dar um golpe no pa\u00eds ao promover o inqu\u00e9rito das fake news sem a participa\u00e7\u00e3o do Minist\u00e9rio P\u00fablico Federal. \u201cQuem est\u00e1 promovendo golpe \u00e9 o STF\u201d, diz, classificando o inqu\u00e9rito como \u201cimoral, ilegal e aberra\u00e7\u00e3o jur\u00eddica\u201d em que os ministros s\u00e3o \u201cv\u00edtimas, promotores, fazem as<br \/>\ndilig\u00eancias e julgam\u201d.<\/p>\n<p><strong>\u2026 o pastor ataca\/<\/strong> Silas Malafaia chama o ministro Alexandre de Moraes de \u201ctirano e ditador\u201d por \u201cpromover um inqu\u00e9rito de persegui\u00e7\u00e3o ao presidente Bolsonaro\u201d. Em tempo: os aliados do presidente concordam com quase tudo o que Malafaia disse.<\/p>\n<p><strong>Ibaneis na roda\/<\/strong> O governador do Distrito Federal, Ibaneis Rocha, entrou no radar do MDB como um nome para ser candidato a presidente da Rep\u00fablica. \u201cO MDB sempre quis ter candidato pr\u00f3prio, tanto \u00e9 que tivemos o Henrique Meirelles (em 2018). N\u00e3o d\u00e1 para fazer futurologia, mas temos bons nomes. E o Ibaneis est\u00e1 se destacando\u201d, <a href=\"http:\/\/blogs.correiobraziliense.com.br\/denise\/ibaneis-e-um-dos-grandes-quadros-que-temos-hoje-diz-baleia-rossi-sobre-candidatos-a-presidencia\/\">diz o presidente do partido, deputado Baleia Rossi, ao blog da Denise.<\/a><\/p>\n<p><strong>Enquanto isso, no DEM&#8230;\/<\/strong> O ex-ministro Luiz Henrique Mandetta roda o Brasil em lives e entrevistas. Agora, lembra ao presidente Jair Bolsonaro que os m\u00e9dicos n\u00e3o v\u00e3o se esquecer da recomenda\u00e7\u00e3o presidencial de filmar hospitais. \u201c\u00c9 tacanho, \u00e9 pequeno, \u00e9 desrespeito com os m\u00e9dicos e enfermeiros\u201d, disse.<\/p>\n","protected":false},"excerpt":{"rendered":"<p>Coluna Bras\u00edlia-DF A chuva de fogos em tom de amea\u00e7a ao Supremo Tribunal Federal foi o limite para que quem tem ju\u00edzo no governo tivesse sucesso ao pedir para o presidente Jair Bolsonaro manter alguma dist\u00e2ncia de grupos radicais. Por isso, ele n\u00e3o participou da manifesta\u00e7\u00e3o do \u00faltimo domingo, aquela que resultou na multa a Abraham Weintraub por sair sem [&hellip;]<\/p>\n","protected":false},"author":29,"featured_media":5629,"comment_status":"closed","ping_status":"closed","sticky":false,"template":"","format":"standard","meta":{"footnotes":""},"categories":[4],"tags":[28,34],"class_list":["post-5627","post","type-post","status-publish","format-standard","has-post-thumbnail","hentry","category-coluna-brasilia-df","tag-bolsonaro","tag-stf"],"_links":{"self":[{"href":"https:\/\/blogs.correiobraziliense.com.br\/denise\/wp-json\/wp\/v2\/posts\/5627","targetHints":{"allow":["GET"]}}],"collection":[{"href":"https:\/\/blogs.correiobraziliense.com.br\/denise\/wp-json\/wp\/v2\/posts"}],"about":[{"href":"https:\/\/blogs.correiobraziliense.com.br\/denise\/wp-json\/wp\/v2\/types\/post"}],"author":[{"embeddable":true,"href":"https:\/\/blogs.correiobraziliense.com.br\/denise\/wp-json\/wp\/v2\/users\/29"}],"replies":[{"embeddable":true,"href":"https:\/\/blogs.correiobraziliense.com.br\/denise\/wp-json\/wp\/v2\/comments?post=5627"}],"version-history":[{"count":0,"href":"https:\/\/blogs.correiobraziliense.com.br\/denise\/wp-json\/wp\/v2\/posts\/5627\/revisions"}],"wp:featuredmedia":[{"embeddable":true,"href":"https:\/\/blogs.correiobraziliense.com.br\/denise\/wp-json\/wp\/v2\/media\/5629"}],"wp:attachment":[{"href":"https:\/\/blogs.correiobraziliense.com.br\/denise\/wp-json\/wp\/v2\/media?parent=5627"}],"wp:term":[{"taxonomy":"category","embeddable":true,"href":"https:\/\/blogs.correiobraziliense.com.br\/denise\/wp-json\/wp\/v2\/categories?post=5627"},{"taxonomy":"post_tag","embeddable":true,"href":"https:\/\/blogs.correiobraziliense.com.br\/denise\/wp-json\/wp\/v2\/tags?post=5627"}],"curies":[{"name":"wp","href":"https:\/\/api.w.org\/{rel}","templated":true}]}}