{"id":5549,"date":"2020-06-02T07:40:23","date_gmt":"2020-06-02T10:40:23","guid":{"rendered":"http:\/\/blogs.correiobraziliense.com.br\/denise\/?p=5549"},"modified":"2020-06-02T07:40:23","modified_gmt":"2020-06-02T10:40:23","slug":"daniel-silveira-do-psl-apresenta-projeto-para-tipificar-antifas-como-terroristas","status":"publish","type":"post","link":"https:\/\/blogs.correiobraziliense.com.br\/denise\/daniel-silveira-do-psl-apresenta-projeto-para-tipificar-antifas-como-terroristas\/","title":{"rendered":"Daniel Silveira, do PSL, apresenta projeto para tipificar Antifas como terroristas"},"content":{"rendered":"<h6><strong>Coluna Bras\u00edlia-DF<\/strong><\/h6>\n<p>No mesmo dia em que Bolsonaro postou a frase do fascista italiano Benito Mussolini \u2013\u2013 <a href=\"https:\/\/www.correiobraziliense.com.br\/app\/noticia\/politica\/2020\/06\/01\/interna_politica,860031\/bolsonaro-publica-video-frase-atribuida-a-mussolini-ditador-fascista.shtml\">\u201cmelhor viver um dia como le\u00e3o do que cem anos como cordeiro\u201d<\/a> \u2013\u2013, o deputado Daniel Silveira (PSL-RJ) apresentou um projeto de lei para tipificar os grupos Antifas (Antifascistas) como organiza\u00e7\u00f5es terroristas.<\/p>\n<h2><strong>Estrat\u00e9gia<\/strong><\/h2>\n<p>H\u00e1 quem diga que o presidente quer tipificar seus advers\u00e1rios como antidemocr\u00e1ticos e terroristas. Acusa\u00e7\u00f5es que muitos democratas hoje fazem justamente aos grupos que apoiam Bolsonaro e, ao mesmo tempo, atacam o STF e amea\u00e7am juristas e parlamentares.<\/p>\n<h2><strong>Diferen\u00e7as<\/strong><\/h2>\n<p>Os Antifas americanos, que s\u00e3o contra o fascismo e defendem a\u00e7\u00f5es violentas, n\u00e3o s\u00e3o um grupo organizado. No Brasil, h\u00e1 quem os compare aos \u201cblack blocs\u201d, que usavam roupas pretas e m\u00e1scaras nas manifesta\u00e7\u00f5es de 2013, pregando a viol\u00eancia.<\/p>\n","protected":false},"excerpt":{"rendered":"<p>Coluna Bras\u00edlia-DF No mesmo dia em que Bolsonaro postou a frase do fascista italiano Benito Mussolini \u2013\u2013 \u201cmelhor viver um dia como le\u00e3o do que cem anos como cordeiro\u201d \u2013\u2013, o deputado Daniel Silveira (PSL-RJ) apresentou um projeto de lei para tipificar os grupos Antifas (Antifascistas) como organiza\u00e7\u00f5es terroristas. Estrat\u00e9gia H\u00e1 quem diga que o presidente quer tipificar seus advers\u00e1rios [&hellip;]<\/p>\n","protected":false},"author":29,"featured_media":5554,"comment_status":"closed","ping_status":"closed","sticky":false,"template":"","format":"standard","meta":{"footnotes":""},"categories":[4],"tags":[342,28,343],"class_list":["post-5549","post","type-post","status-publish","format-standard","has-post-thumbnail","hentry","category-coluna-brasilia-df","tag-antifas","tag-bolsonaro","tag-daniel-silveira"],"_links":{"self":[{"href":"https:\/\/blogs.correiobraziliense.com.br\/denise\/wp-json\/wp\/v2\/posts\/5549","targetHints":{"allow":["GET"]}}],"collection":[{"href":"https:\/\/blogs.correiobraziliense.com.br\/denise\/wp-json\/wp\/v2\/posts"}],"about":[{"href":"https:\/\/blogs.correiobraziliense.com.br\/denise\/wp-json\/wp\/v2\/types\/post"}],"author":[{"embeddable":true,"href":"https:\/\/blogs.correiobraziliense.com.br\/denise\/wp-json\/wp\/v2\/users\/29"}],"replies":[{"embeddable":true,"href":"https:\/\/blogs.correiobraziliense.com.br\/denise\/wp-json\/wp\/v2\/comments?post=5549"}],"version-history":[{"count":0,"href":"https:\/\/blogs.correiobraziliense.com.br\/denise\/wp-json\/wp\/v2\/posts\/5549\/revisions"}],"wp:featuredmedia":[{"embeddable":true,"href":"https:\/\/blogs.correiobraziliense.com.br\/denise\/wp-json\/wp\/v2\/media\/5554"}],"wp:attachment":[{"href":"https:\/\/blogs.correiobraziliense.com.br\/denise\/wp-json\/wp\/v2\/media?parent=5549"}],"wp:term":[{"taxonomy":"category","embeddable":true,"href":"https:\/\/blogs.correiobraziliense.com.br\/denise\/wp-json\/wp\/v2\/categories?post=5549"},{"taxonomy":"post_tag","embeddable":true,"href":"https:\/\/blogs.correiobraziliense.com.br\/denise\/wp-json\/wp\/v2\/tags?post=5549"}],"curies":[{"name":"wp","href":"https:\/\/api.w.org\/{rel}","templated":true}]}}