{"id":5548,"date":"2020-06-02T07:32:00","date_gmt":"2020-06-02T10:32:00","guid":{"rendered":"http:\/\/blogs.correiobraziliense.com.br\/denise\/?p=5548"},"modified":"2020-06-02T07:32:00","modified_gmt":"2020-06-02T10:32:00","slug":"bolsonaro-montado-no-cavalo-da-pmdf-gera-questionamentos","status":"publish","type":"post","link":"https:\/\/blogs.correiobraziliense.com.br\/denise\/bolsonaro-montado-no-cavalo-da-pmdf-gera-questionamentos\/","title":{"rendered":"Bolsonaro montado no cavalo da PMDF gera questionamentos"},"content":{"rendered":"<h6><strong>Coluna Bras\u00edlia-DF<\/strong><\/h6>\n<p>Ao montar num cavalo da Pol\u00edcia Militar do Distrito Federal para conversar com seus apoiadores, o presidente Jair Bolsonaro terminou mandando um recado aos seus advers\u00e1rios: a PM do DF est\u00e1 com ele. Pelo menos, foi assim que muitos pol\u00edticos entenderam.<\/p>\n<h2>\n<strong>Uso da \u201cm\u00e1quina\u201d?<\/strong><\/h2>\n<p>H\u00e1 d\u00favidas entre juristas se aquele \u201cpasseio\u201d foi legal. Afinal, as for\u00e7as de seguran\u00e7a n\u00e3o est\u00e3o ali para serem usadas por \u201cmanifestantes\u201d, ainda que esse manifestante seja o presidente da Rep\u00fablica. A PM \u00e9 for\u00e7a distrital.<\/p>\n","protected":false},"excerpt":{"rendered":"<p>Coluna Bras\u00edlia-DF Ao montar num cavalo da Pol\u00edcia Militar do Distrito Federal para conversar com seus apoiadores, o presidente Jair Bolsonaro terminou mandando um recado aos seus advers\u00e1rios: a PM do DF est\u00e1 com ele. Pelo menos, foi assim que muitos pol\u00edticos entenderam. Uso da \u201cm\u00e1quina\u201d? H\u00e1 d\u00favidas entre juristas se aquele \u201cpasseio\u201d foi legal. Afinal, as for\u00e7as de seguran\u00e7a [&hellip;]<\/p>\n","protected":false},"author":29,"featured_media":5552,"comment_status":"closed","ping_status":"closed","sticky":false,"template":"","format":"standard","meta":{"footnotes":""},"categories":[4],"tags":[28,341],"class_list":["post-5548","post","type-post","status-publish","format-standard","has-post-thumbnail","hentry","category-coluna-brasilia-df","tag-bolsonaro","tag-pmdf"],"_links":{"self":[{"href":"https:\/\/blogs.correiobraziliense.com.br\/denise\/wp-json\/wp\/v2\/posts\/5548","targetHints":{"allow":["GET"]}}],"collection":[{"href":"https:\/\/blogs.correiobraziliense.com.br\/denise\/wp-json\/wp\/v2\/posts"}],"about":[{"href":"https:\/\/blogs.correiobraziliense.com.br\/denise\/wp-json\/wp\/v2\/types\/post"}],"author":[{"embeddable":true,"href":"https:\/\/blogs.correiobraziliense.com.br\/denise\/wp-json\/wp\/v2\/users\/29"}],"replies":[{"embeddable":true,"href":"https:\/\/blogs.correiobraziliense.com.br\/denise\/wp-json\/wp\/v2\/comments?post=5548"}],"version-history":[{"count":0,"href":"https:\/\/blogs.correiobraziliense.com.br\/denise\/wp-json\/wp\/v2\/posts\/5548\/revisions"}],"wp:featuredmedia":[{"embeddable":true,"href":"https:\/\/blogs.correiobraziliense.com.br\/denise\/wp-json\/wp\/v2\/media\/5552"}],"wp:attachment":[{"href":"https:\/\/blogs.correiobraziliense.com.br\/denise\/wp-json\/wp\/v2\/media?parent=5548"}],"wp:term":[{"taxonomy":"category","embeddable":true,"href":"https:\/\/blogs.correiobraziliense.com.br\/denise\/wp-json\/wp\/v2\/categories?post=5548"},{"taxonomy":"post_tag","embeddable":true,"href":"https:\/\/blogs.correiobraziliense.com.br\/denise\/wp-json\/wp\/v2\/tags?post=5548"}],"curies":[{"name":"wp","href":"https:\/\/api.w.org\/{rel}","templated":true}]}}