{"id":5527,"date":"2020-05-28T07:43:39","date_gmt":"2020-05-28T10:43:39","guid":{"rendered":"http:\/\/blogs.correiobraziliense.com.br\/denise\/?p=5527"},"modified":"2020-05-28T07:43:39","modified_gmt":"2020-05-28T10:43:39","slug":"bolsonaro-prepara-o-proprio-levantamento-das-mortes-por-coronavirus","status":"publish","type":"post","link":"https:\/\/blogs.correiobraziliense.com.br\/denise\/bolsonaro-prepara-o-proprio-levantamento-das-mortes-por-coronavirus\/","title":{"rendered":"Bolsonaro prepara o pr\u00f3prio levantamento das mortes por coronav\u00edrus"},"content":{"rendered":"<h6><strong>Coluna Bras\u00edlia-DF<\/strong><\/h6>\n<p>Depois da cloroquina\u2026 Vem a\u00ed nova pol\u00eamica relacionada \u00e0 pandemia de covid-19. O presidente Bolsonaro est\u00e1 fazendo seu pr\u00f3prio levantamento a respeito das mortes por coronav\u00edrus. Ele suspeita que existam n\u00fameros superestimados. Aos amigos, tem dito que em breve ter\u00e1 novidades a respeito.<\/p>\n","protected":false},"excerpt":{"rendered":"<p>Coluna Bras\u00edlia-DF Depois da cloroquina\u2026 Vem a\u00ed nova pol\u00eamica relacionada \u00e0 pandemia de covid-19. O presidente Bolsonaro est\u00e1 fazendo seu pr\u00f3prio levantamento a respeito das mortes por coronav\u00edrus. Ele suspeita que existam n\u00fameros superestimados. Aos amigos, tem dito que em breve ter\u00e1 novidades a respeito.<\/p>\n","protected":false},"author":29,"featured_media":5437,"comment_status":"closed","ping_status":"closed","sticky":false,"template":"","format":"standard","meta":{"footnotes":""},"categories":[4],"tags":[],"class_list":["post-5527","post","type-post","status-publish","format-standard","has-post-thumbnail","hentry","category-coluna-brasilia-df"],"_links":{"self":[{"href":"https:\/\/blogs.correiobraziliense.com.br\/denise\/wp-json\/wp\/v2\/posts\/5527","targetHints":{"allow":["GET"]}}],"collection":[{"href":"https:\/\/blogs.correiobraziliense.com.br\/denise\/wp-json\/wp\/v2\/posts"}],"about":[{"href":"https:\/\/blogs.correiobraziliense.com.br\/denise\/wp-json\/wp\/v2\/types\/post"}],"author":[{"embeddable":true,"href":"https:\/\/blogs.correiobraziliense.com.br\/denise\/wp-json\/wp\/v2\/users\/29"}],"replies":[{"embeddable":true,"href":"https:\/\/blogs.correiobraziliense.com.br\/denise\/wp-json\/wp\/v2\/comments?post=5527"}],"version-history":[{"count":0,"href":"https:\/\/blogs.correiobraziliense.com.br\/denise\/wp-json\/wp\/v2\/posts\/5527\/revisions"}],"wp:attachment":[{"href":"https:\/\/blogs.correiobraziliense.com.br\/denise\/wp-json\/wp\/v2\/media?parent=5527"}],"wp:term":[{"taxonomy":"category","embeddable":true,"href":"https:\/\/blogs.correiobraziliense.com.br\/denise\/wp-json\/wp\/v2\/categories?post=5527"},{"taxonomy":"post_tag","embeddable":true,"href":"https:\/\/blogs.correiobraziliense.com.br\/denise\/wp-json\/wp\/v2\/tags?post=5527"}],"curies":[{"name":"wp","href":"https:\/\/api.w.org\/{rel}","templated":true}]}}