{"id":5523,"date":"2020-05-27T18:55:14","date_gmt":"2020-05-27T21:55:14","guid":{"rendered":"http:\/\/blogs.correiobraziliense.com.br\/denise\/?p=5523"},"modified":"2020-05-27T18:55:14","modified_gmt":"2020-05-27T21:55:14","slug":"bia-kicis-e-deputados-do-psl-pedem-impeachment-de-alexandre-moraes","status":"publish","type":"post","link":"https:\/\/blogs.correiobraziliense.com.br\/denise\/bia-kicis-e-deputados-do-psl-pedem-impeachment-de-alexandre-moraes\/","title":{"rendered":"Bia Kicis e deputados do PSL  pedem impeachment de Alexandre Moraes"},"content":{"rendered":"<p>   A deputada Bia Kicis (DF) e seus colegas Filipe Barros (PR) e Carlos Jordy (RJ) acabam de provocar no Senado um pedido de impeachment do ministro relator do inqu\u00e9rito das fake news no Supremo Tribunal Federal, Alexandre Moraes. O inqu\u00e9rito, na avalia\u00e7\u00e3o dos parlamentares, \u00e9 inconstitucional, n\u00e3o tem objeto definido e n\u00e3o tem a participa\u00e7\u00e3o do Minist\u00e9rio P\u00fablico Federal. Os deputados lembram que, em abril do ano passado, o ministro do STF ignorou a decis\u00e3o da ent\u00e3o procuradora-geral da Republica, Raquel Dodge, de arquivamento do inqu\u00e9rito. Os parlamentares consideram ainda que a a\u00e7\u00e3o que mira suas redes sociais fere a liberdade de express\u00e3o.<\/p>\n<p>   O pedido dos deputados pelo impeachment de Moraes n\u00e3o \u00e9 o primeiro, a deputada Carla Zambelli j\u00e1 havia dado entrada em outro. A iniciativa vai refor\u00e7ar a press\u00e3o desses parlamentares para que o presidente do Senado, Davi Alcolumbre, abra o processo contra Moraes. O Congresso, ali\u00e1s, est\u00e1 se tornando cada vez mais o Poder capaz de tentar reequilibrar as rela\u00e7\u00f5es entre os Poderes.<\/p>\n<p>   O presidente Jair Bolsonaro tamb\u00e9m n\u00e3o ficou de bra\u00e7os cruzados. Hoje cedo, ele visitou o presidente do Supremo Tribunal Federal, Dias Toffoli, que continua hospitalizado depois da cirurgia a que foi submetido no \u00faltimo fim de semana. Agora, Bolsonaro est\u00e1 reunido com seus ministros para buscar uma rea\u00e7\u00e3o conjunta ao inqu\u00e9rito das fake news e ao chamamento do ministro Abraham Weintraub para que dar explica\u00e7\u00f5es sobre o que disse na reuni\u00e3o de 22 de abril, em que disse que chamou os ministros do STF de &#8220;vagabundos&#8221; e que eles deveriam estar na cadeia. Num cen\u00e1rio cada vez mais conturbado, a uni\u00e3o entre os poderes est\u00e1 cada vez mais dif\u00edcil. Se conseguirem conviver de forma civilizada em meio \u00e0 pandemia, j\u00e1 ser\u00e1 um feito.<\/p>\n","protected":false},"excerpt":{"rendered":"<p>A deputada Bia Kicis (DF) e seus colegas Filipe Barros (PR) e Carlos Jordy (RJ) acabam de provocar no Senado um pedido de impeachment do ministro relator do inqu\u00e9rito das fake news no Supremo Tribunal Federal, Alexandre Moraes. O inqu\u00e9rito, na avalia\u00e7\u00e3o dos parlamentares, \u00e9 inconstitucional, n\u00e3o tem objeto definido e n\u00e3o tem a participa\u00e7\u00e3o do Minist\u00e9rio P\u00fablico Federal. Os [&hellip;]<\/p>\n","protected":false},"author":29,"featured_media":0,"comment_status":"closed","ping_status":"closed","sticky":false,"template":"","format":"standard","meta":{"footnotes":""},"categories":[337],"tags":[],"class_list":["post-5523","post","type-post","status-publish","format-standard","hentry","category-stf-versus-fake-news"],"_links":{"self":[{"href":"https:\/\/blogs.correiobraziliense.com.br\/denise\/wp-json\/wp\/v2\/posts\/5523","targetHints":{"allow":["GET"]}}],"collection":[{"href":"https:\/\/blogs.correiobraziliense.com.br\/denise\/wp-json\/wp\/v2\/posts"}],"about":[{"href":"https:\/\/blogs.correiobraziliense.com.br\/denise\/wp-json\/wp\/v2\/types\/post"}],"author":[{"embeddable":true,"href":"https:\/\/blogs.correiobraziliense.com.br\/denise\/wp-json\/wp\/v2\/users\/29"}],"replies":[{"embeddable":true,"href":"https:\/\/blogs.correiobraziliense.com.br\/denise\/wp-json\/wp\/v2\/comments?post=5523"}],"version-history":[{"count":0,"href":"https:\/\/blogs.correiobraziliense.com.br\/denise\/wp-json\/wp\/v2\/posts\/5523\/revisions"}],"wp:attachment":[{"href":"https:\/\/blogs.correiobraziliense.com.br\/denise\/wp-json\/wp\/v2\/media?parent=5523"}],"wp:term":[{"taxonomy":"category","embeddable":true,"href":"https:\/\/blogs.correiobraziliense.com.br\/denise\/wp-json\/wp\/v2\/categories?post=5523"},{"taxonomy":"post_tag","embeddable":true,"href":"https:\/\/blogs.correiobraziliense.com.br\/denise\/wp-json\/wp\/v2\/tags?post=5523"}],"curies":[{"name":"wp","href":"https:\/\/api.w.org\/{rel}","templated":true}]}}