{"id":5507,"date":"2020-05-23T18:40:32","date_gmt":"2020-05-23T21:40:32","guid":{"rendered":"http:\/\/blogs.correiobraziliense.com.br\/denise\/?p=5507"},"modified":"2020-05-23T18:40:32","modified_gmt":"2020-05-23T21:40:32","slug":"politicos-desconfiam-de-que-carlos-bolsonaro-montou-sistema-de-informacoes-para-o-pai","status":"publish","type":"post","link":"https:\/\/blogs.correiobraziliense.com.br\/denise\/politicos-desconfiam-de-que-carlos-bolsonaro-montou-sistema-de-informacoes-para-o-pai\/","title":{"rendered":"Pol\u00edticos desconfiam de que Carlos Bolsonaro montou sistema de informa\u00e7\u00f5es para o pai"},"content":{"rendered":"<p>A cita\u00e7\u00e3o do presidente Jair Bolsonaro, durante reuni\u00e3o ministerial, de que tem um sistema de informa\u00e7\u00f5es particular que funciona deixou o mundo pol\u00edtico desconfiado de que o filho 02, o vereador Carlos Bolsonaro, montou o tal sistema para o pai.<\/p>\n<p>Na reuni\u00e3o do dia 22 de abril, Bolsonaro se queixa de n\u00e3o receber informa\u00e7\u00f5es suficientes dos \u00f3rg\u00e3os oficiais, como Pol\u00edcia Federal e Abin, at\u00e9 que em determinado momento, afirma: &#8220;<a href=\"https:\/\/www.correiobraziliense.com.br\/app\/noticia\/politica\/2020\/05\/23\/interna_politica,857657\/entre-ameacas-e-palavroes-video-reforca-suspeita-de-interferencia-na.shtml\" target=\"_blank\" rel=\"noopener\">Sistemas de informa\u00e7\u00f5es: o meu funciona. O meu particular funciona<\/a>.&#8221;<\/p>\n<p>Ao ver a declara\u00e7\u00e3o no v\u00eddeo da reuni\u00e3o divulgado ontem, pol\u00edticos imediatamente lembraram de entrevista que o ex-presidente do PSL Gustavo Bebianno deu ao programa Roda Viva, em 2 de mar\u00e7o. Na ocasi\u00e3o, Bebianno, que morreria de infarto dias depois, se referiu a uma opera\u00e7\u00e3o de informa\u00e7\u00f5es coordenada por Carlos Bolsonaro.<\/p>\n<p>Embora Bolsonaro tenha dito, em entrevista \u00e0 Jovem Pan, que recebe as informa\u00e7\u00f5es de policiais amigos, como um \u201csargento do Bope\u201d, n\u00e3o est\u00e1 descartado um chamamento de Carlos ao Congresso para, depois da fala do presidente, explicar a acusa\u00e7\u00e3o de Bebianno.<\/p>\n","protected":false},"excerpt":{"rendered":"<p>A cita\u00e7\u00e3o do presidente Jair Bolsonaro, durante reuni\u00e3o ministerial, de que tem um sistema de informa\u00e7\u00f5es particular que funciona deixou o mundo pol\u00edtico desconfiado de que o filho 02, o vereador Carlos Bolsonaro, montou o tal sistema para o pai. Na reuni\u00e3o do dia 22 de abril, Bolsonaro se queixa de n\u00e3o receber informa\u00e7\u00f5es suficientes dos \u00f3rg\u00e3os oficiais, como Pol\u00edcia [&hellip;]<\/p>\n","protected":false},"author":29,"featured_media":5508,"comment_status":"closed","ping_status":"closed","sticky":false,"template":"","format":"standard","meta":{"footnotes":""},"categories":[4],"tags":[333,28,170,334,335],"class_list":["post-5507","post","type-post","status-publish","format-standard","has-post-thumbnail","hentry","category-coluna-brasilia-df","tag-abin","tag-bolsonaro","tag-carlos-bolsonaro","tag-pr","tag-reuniao-ministerial"],"_links":{"self":[{"href":"https:\/\/blogs.correiobraziliense.com.br\/denise\/wp-json\/wp\/v2\/posts\/5507","targetHints":{"allow":["GET"]}}],"collection":[{"href":"https:\/\/blogs.correiobraziliense.com.br\/denise\/wp-json\/wp\/v2\/posts"}],"about":[{"href":"https:\/\/blogs.correiobraziliense.com.br\/denise\/wp-json\/wp\/v2\/types\/post"}],"author":[{"embeddable":true,"href":"https:\/\/blogs.correiobraziliense.com.br\/denise\/wp-json\/wp\/v2\/users\/29"}],"replies":[{"embeddable":true,"href":"https:\/\/blogs.correiobraziliense.com.br\/denise\/wp-json\/wp\/v2\/comments?post=5507"}],"version-history":[{"count":0,"href":"https:\/\/blogs.correiobraziliense.com.br\/denise\/wp-json\/wp\/v2\/posts\/5507\/revisions"}],"wp:featuredmedia":[{"embeddable":true,"href":"https:\/\/blogs.correiobraziliense.com.br\/denise\/wp-json\/wp\/v2\/media\/5508"}],"wp:attachment":[{"href":"https:\/\/blogs.correiobraziliense.com.br\/denise\/wp-json\/wp\/v2\/media?parent=5507"}],"wp:term":[{"taxonomy":"category","embeddable":true,"href":"https:\/\/blogs.correiobraziliense.com.br\/denise\/wp-json\/wp\/v2\/categories?post=5507"},{"taxonomy":"post_tag","embeddable":true,"href":"https:\/\/blogs.correiobraziliense.com.br\/denise\/wp-json\/wp\/v2\/tags?post=5507"}],"curies":[{"name":"wp","href":"https:\/\/api.w.org\/{rel}","templated":true}]}}