{"id":5489,"date":"2020-05-22T08:18:56","date_gmt":"2020-05-22T11:18:56","guid":{"rendered":"http:\/\/blogs.correiobraziliense.com.br\/denise\/?p=5489"},"modified":"2020-05-22T08:18:56","modified_gmt":"2020-05-22T11:18:56","slug":"pacificacao-de-bolsonaro-com-parlamentares-nao-inclui-vida-facil-para-flavio","status":"publish","type":"post","link":"https:\/\/blogs.correiobraziliense.com.br\/denise\/pacificacao-de-bolsonaro-com-parlamentares-nao-inclui-vida-facil-para-flavio\/","title":{"rendered":"Pacifica\u00e7\u00e3o de Bolsonaro com parlamentares n\u00e3o inclui vida f\u00e1cil para Fl\u00e1vio"},"content":{"rendered":"<h6><strong>Coluna Bras\u00edlia-DF<\/strong><\/h6>\n<p>A forma como o presidente Jair Bolsonaro tratou os governadores e parlamentares \u00e9 vista como a senha de acesso para distensionar o ambiente pol\u00edtico, a fim de levar o governo a aprovar os projetos de seu interesse no plen\u00e1rio da C\u00e2mara \u2013\u2013 inclusive a manuten\u00e7\u00e3o do veto a reajustes salariais. Chega ao ponto de n\u00e3o ser nem colocado no rol de testes da nova base.<\/p>\n<p>\u00bb \u00bb \u00bb<\/p>\n<p>S\u00f3 tem um probleminha: a distens\u00e3o n\u00e3o inclui no pacote vida f\u00e1cil para o senador Fl\u00e1vio Bolsonaro (Republicanos-RJ), caso as investiga\u00e7\u00f5es apontem para alguma irregularidade ou influ\u00eancia na Pol\u00edcia Federal, conforme den\u00fancia do empres\u00e1rio Paulo Marinho \u2013\u2013 que ao longo da campanha conviveu diariamente com a fam\u00edlia Bolsonaro. Nos dois depoimentos que prestou, ele disse ter entregado provas de que houve essa interfer\u00eancia. O caso agora est\u00e1 nas m\u00e3os da PF e do Minist\u00e9rio P\u00fablico.<\/p>\n<h2>\n<strong>D\u00e9j\u00e0-vu<\/strong><\/h2>\n<p>As declara\u00e7\u00f5es de Marinho, de suspeita de devassa nas suas contas, lembrou a muitos pol\u00edticos o movimento de Antonio Palocci no governo Lula. O ent\u00e3o ministro da Fazenda foi demitido porque um caseiro teve a conta banc\u00e1ria invadida para verificar se havia sido pago para prestar informa\u00e7\u00f5es sobre a presen\u00e7a de Palocci numa casa suspeita no Lago Sul.<\/p>\n<h2>\n<strong>Dif\u00edcil I<\/strong><\/h2>\n<p>Bolsonaro evita a imprensa, mas n\u00e3o deixa de dar o recado aos apoiadores. Ontem, informou que o com\u00e9rcio do Rio de Janeiro reabrir\u00e1 em breve. S\u00f3 tem um probleminha: o n\u00famero de casos no estado continua em alta. No pa\u00eds, o recorde de mortes nesta semana indica um momento dif\u00edcil para a sonhada reabertura geral.<\/p>\n<h2>\n<strong>Dif\u00edcil II<\/strong><\/h2>\n<p>A depender dos pais de alunos, aulas mesmo s\u00f3 em agosto. \u00c9 que, quanto mais pessoas doentes, mais cresce o n\u00famero daqueles que temem ter um quadro grave da doen\u00e7a, apesar dos n\u00fameros apontarem 40% de recupera\u00e7\u00e3o para os casos de infec\u00e7\u00e3o. O \u00edndice coloca a popula\u00e7\u00e3o numa loteria \u00e0s avessas. Ningu\u00e9m quer levar os filhos de volta sob risco de infec\u00e7\u00e3o, mesmo aqueles que n\u00e3o t\u00eam qualquer comorbidade. Afinal, h\u00e1 epis\u00f3dios de pessoas que n\u00e3o tinham hist\u00f3rico de risco e terminaram internadas.<\/p>\n<p><strong>Vai insistir\/<\/strong> A reuni\u00e3o de hoje de Bolsonaro com o presidente da Federa\u00e7\u00e3o das Ind\u00fastrias de S\u00e3o Paulo (Fiesp), Paulo Skaf, \u00e9 para saber do resultado das press\u00f5es para volta \u00e0 normalidade. Ningu\u00e9m sabe ao certo quando ser\u00e1.<\/p>\n","protected":false},"excerpt":{"rendered":"<p>Coluna Bras\u00edlia-DF A forma como o presidente Jair Bolsonaro tratou os governadores e parlamentares \u00e9 vista como a senha de acesso para distensionar o ambiente pol\u00edtico, a fim de levar o governo a aprovar os projetos de seu interesse no plen\u00e1rio da C\u00e2mara \u2013\u2013 inclusive a manuten\u00e7\u00e3o do veto a reajustes salariais. Chega ao ponto de n\u00e3o ser nem colocado [&hellip;]<\/p>\n","protected":false},"author":29,"featured_media":5492,"comment_status":"closed","ping_status":"closed","sticky":false,"template":"","format":"standard","meta":{"footnotes":""},"categories":[4],"tags":[28,47],"class_list":["post-5489","post","type-post","status-publish","format-standard","has-post-thumbnail","hentry","category-coluna-brasilia-df","tag-bolsonaro","tag-flavio-bolsonaro"],"_links":{"self":[{"href":"https:\/\/blogs.correiobraziliense.com.br\/denise\/wp-json\/wp\/v2\/posts\/5489","targetHints":{"allow":["GET"]}}],"collection":[{"href":"https:\/\/blogs.correiobraziliense.com.br\/denise\/wp-json\/wp\/v2\/posts"}],"about":[{"href":"https:\/\/blogs.correiobraziliense.com.br\/denise\/wp-json\/wp\/v2\/types\/post"}],"author":[{"embeddable":true,"href":"https:\/\/blogs.correiobraziliense.com.br\/denise\/wp-json\/wp\/v2\/users\/29"}],"replies":[{"embeddable":true,"href":"https:\/\/blogs.correiobraziliense.com.br\/denise\/wp-json\/wp\/v2\/comments?post=5489"}],"version-history":[{"count":0,"href":"https:\/\/blogs.correiobraziliense.com.br\/denise\/wp-json\/wp\/v2\/posts\/5489\/revisions"}],"wp:featuredmedia":[{"embeddable":true,"href":"https:\/\/blogs.correiobraziliense.com.br\/denise\/wp-json\/wp\/v2\/media\/5492"}],"wp:attachment":[{"href":"https:\/\/blogs.correiobraziliense.com.br\/denise\/wp-json\/wp\/v2\/media?parent=5489"}],"wp:term":[{"taxonomy":"category","embeddable":true,"href":"https:\/\/blogs.correiobraziliense.com.br\/denise\/wp-json\/wp\/v2\/categories?post=5489"},{"taxonomy":"post_tag","embeddable":true,"href":"https:\/\/blogs.correiobraziliense.com.br\/denise\/wp-json\/wp\/v2\/tags?post=5489"}],"curies":[{"name":"wp","href":"https:\/\/api.w.org\/{rel}","templated":true}]}}