{"id":5436,"date":"2020-05-13T05:45:34","date_gmt":"2020-05-13T08:45:34","guid":{"rendered":"http:\/\/blogs.correiobraziliense.com.br\/denise\/?p=5436"},"modified":"2020-05-13T05:45:34","modified_gmt":"2020-05-13T08:45:34","slug":"troca-na-pf-governo-defendera-versao-de-que-bolsonaro-se-preocupava-com-a-seguranca-dos-filhos","status":"publish","type":"post","link":"https:\/\/blogs.correiobraziliense.com.br\/denise\/troca-na-pf-governo-defendera-versao-de-que-bolsonaro-se-preocupava-com-a-seguranca-dos-filhos\/","title":{"rendered":"Troca na PF: governo defender\u00e1 vers\u00e3o de que Bolsonaro se preocupava com a seguran\u00e7a dos filhos"},"content":{"rendered":"<p>Ministros palacianos ouvidos no<strong> inqu\u00e9rito<\/strong> que investiga a tentativa de influ\u00eancia do presidente<strong> Jair Bolsonaro<\/strong> na <strong>Pol\u00edcia Federal<\/strong> est\u00e3o fechados com a vers\u00e3o de que o capit\u00e3o tratou da seguran\u00e7a dos filhos quando fez refer\u00eancias ao Rio de Janeiro na reuni\u00e3o ministerial de 22 de abril \u2014 o encontro retratado <a href=\"http:\/\/blogs.correiobraziliense.com.br\/vicente\/video-deixa-claro-bolsonaro-queria-trocar-chefia-da-pf-no-rio-para-proteger-seus-filhos\/\" target=\"_blank\" rel=\"noopener\">no v\u00eddeo exibido ontem na sede da Pol\u00edcia Federal<\/a>.<\/p>\n<p>Em depoimento, o ministro da Casa Civil, Braga Netto, por exemplo, disse que esse foi o seu entendimento no caso. A fala do ministro aos investigadores vai ao encontro do que afirmou o presidente Jair Bolsonaro na rampa do Planalto: que sua preocupa\u00e7\u00e3o era com a seguran\u00e7a dos filhos.<\/p>\n<h2>Falta combinar<\/h2>\n<p>A ideia \u00e9 disseminar essa avalia\u00e7\u00e3o daqui por diante, de forma a tentar colocar em descr\u00e9dito a den\u00fancia do ex-ministro Sergio Moro. Falta combinar, entretanto, com os investigadores, procuradores e com o ministro do Supremo Tribunal Federal (STF) Celso de Mello.<\/p>\n<p>At\u00e9 porque a seguran\u00e7a da fam\u00edlia est\u00e1 a cargo do Gabinete de Seguran\u00e7a Institucional (GSI) e n\u00e3o da Superintend\u00eancia da PF no Rio, ou mesmo do Minist\u00e9rio da Justi\u00e7a. Como o presidente sempre diz, a verdade libertar\u00e1.<\/p>\n<h2>Mem\u00f3ria fraca<\/h2>\n<p>O ministro da Casa Civil, Walter Braga Netto, repetiu v\u00e1rias vezes em seu depoimento que n\u00e3o se recordava de determinadas situa\u00e7\u00f5es perguntadas pelos investigadores. Outros ministros, idem.<\/p>\n<h2>Santa espera, Batman!<\/h2>\n<p>Investigadores, procuradores, o ex-ministro Sergio Moro e seus advogados esperaram duas horas e 40 minutos para come\u00e7ar a exibi\u00e7\u00e3o do v\u00eddeo na sede da Pol\u00edcia Federal. Foi o tempo que levou para fazer a c\u00f3pia.<\/p>\n","protected":false},"excerpt":{"rendered":"<p>Ministros palacianos ouvidos no inqu\u00e9rito que investiga a tentativa de influ\u00eancia do presidente Jair Bolsonaro na Pol\u00edcia Federal est\u00e3o fechados com a vers\u00e3o de que o capit\u00e3o tratou da seguran\u00e7a dos filhos quando fez refer\u00eancias ao Rio de Janeiro na reuni\u00e3o ministerial de 22 de abril \u2014 o encontro retratado no v\u00eddeo exibido ontem na sede da Pol\u00edcia Federal. Em [&hellip;]<\/p>\n","protected":false},"author":29,"featured_media":5437,"comment_status":"closed","ping_status":"closed","sticky":false,"template":"","format":"standard","meta":{"footnotes":""},"categories":[4],"tags":[28,138,47,117,278,34],"class_list":["post-5436","post","type-post","status-publish","format-standard","has-post-thumbnail","hentry","category-coluna-brasilia-df","tag-bolsonaro","tag-eduardo-bolsonaro","tag-flavio-bolsonaro","tag-moro","tag-pf","tag-stf"],"_links":{"self":[{"href":"https:\/\/blogs.correiobraziliense.com.br\/denise\/wp-json\/wp\/v2\/posts\/5436","targetHints":{"allow":["GET"]}}],"collection":[{"href":"https:\/\/blogs.correiobraziliense.com.br\/denise\/wp-json\/wp\/v2\/posts"}],"about":[{"href":"https:\/\/blogs.correiobraziliense.com.br\/denise\/wp-json\/wp\/v2\/types\/post"}],"author":[{"embeddable":true,"href":"https:\/\/blogs.correiobraziliense.com.br\/denise\/wp-json\/wp\/v2\/users\/29"}],"replies":[{"embeddable":true,"href":"https:\/\/blogs.correiobraziliense.com.br\/denise\/wp-json\/wp\/v2\/comments?post=5436"}],"version-history":[{"count":0,"href":"https:\/\/blogs.correiobraziliense.com.br\/denise\/wp-json\/wp\/v2\/posts\/5436\/revisions"}],"wp:attachment":[{"href":"https:\/\/blogs.correiobraziliense.com.br\/denise\/wp-json\/wp\/v2\/media?parent=5436"}],"wp:term":[{"taxonomy":"category","embeddable":true,"href":"https:\/\/blogs.correiobraziliense.com.br\/denise\/wp-json\/wp\/v2\/categories?post=5436"},{"taxonomy":"post_tag","embeddable":true,"href":"https:\/\/blogs.correiobraziliense.com.br\/denise\/wp-json\/wp\/v2\/tags?post=5436"}],"curies":[{"name":"wp","href":"https:\/\/api.w.org\/{rel}","templated":true}]}}