{"id":5416,"date":"2020-05-08T07:30:16","date_gmt":"2020-05-08T10:30:16","guid":{"rendered":"https:\/\/blogs.correiobraziliense.com.br\/denise\/?p=5416"},"modified":"2020-05-08T07:30:16","modified_gmt":"2020-05-08T10:30:16","slug":"bolsonaro-usou-empresarios-para-cobrar-posicionamento-do-stf","status":"publish","type":"post","link":"https:\/\/blogs.correiobraziliense.com.br\/denise\/bolsonaro-usou-empresarios-para-cobrar-posicionamento-do-stf\/","title":{"rendered":"Bolsonaro usou empres\u00e1rios para cobrar posicionamento do STF"},"content":{"rendered":"<p>Coluna Bras\u00edlia &#8211; DF<\/p>\n<p>A reuni\u00e3o entre o presidente <strong>Jair Bolsonaro<\/strong>, empres\u00e1rios e o presidente do <strong>Supremo Tribunal Federal<\/strong>, Dias Toffoli, conseguiu a proeza de deixar todos os personagens desgostosos do resultado. Os ministros do Supremo avaliaram, em conversas reservadas, que Toffoli deixou o palco aberto para Bolsonaro fazer sua propaganda do fim do isolamento social e tentar jogar a culpa da crise econ\u00f4mica no colo do tribunal, por impedir que ele (Bolsonaro) editasse um decreto de retomada dos servi\u00e7os. O presidente, por sua vez, saiu com a recomenda\u00e7\u00e3o de que procurasse os governadores e prefeitos para montar o plano de retomada em tempos de pandemia.<\/p>\n<p>\u00bb \u00bb \u00bb<\/p>\n<p>Parte dos empres\u00e1rios se sentiu usada para que Bolsonaro pudesse cobrar do STF. Os decretos que o presidente editou tamb\u00e9m foram vistos com desconfian\u00e7a, porque os governadores t\u00eam a prerrogativa de definir, dentro de seus respectivos estados, as medidas de conten\u00e7\u00e3o por causa da gravidade da pandemia e colapso do sistema de sa\u00fade. Sa\u00edram com a certeza de que tudo o que n\u00e3o for feito com base na ci\u00eancia e no di\u00e1logo s\u00e9rio e racional entre os governos municipais, estaduais, federal e os setores, vai desaguar em a\u00e7\u00f5es judiciais. At\u00e9 aqui, avaliam os pol\u00edticos, mesmo aqueles que tentam planejar a retomada \u2014 caso do governador do Distrito Federal, Ibaneis Rocha \u2013 se viram obrigados a se render \u00e0 realidade e adiar o retorno. Em meio a uma pandemia, dizem empres\u00e1rios, n\u00e3o tem canetada que resolva.<\/p>\n<h3><strong>O teste do veto<\/strong><\/h3>\n<p>Al\u00e9m da Comiss\u00e3o Parlamentar Mista de Inqu\u00e9rito das Fake News, o veto de Bolsonaro \u00e0 possibilidade de reajuste do funcionalismo, anunciado ontem, \u00e9 visto como mais uma prova para auferir o grau de fidelidade do Centr\u00e3o ao governo. A aposta de alguns, como o deputado F\u00e1bio Trad, \u00e9 a de que, com o Centr\u00e3o aliado ao Planalto, a manuten\u00e7\u00e3o do veto estar\u00e1 garantida.<\/p>\n<p><strong>O articulador<\/strong><\/p>\n<p>Os principais cargos entregues ao Centr\u00e3o at\u00e9 o momento est\u00e3o na \u00f3rbita do Minist\u00e9rio de Desenvolvimento Regional, comandado pelo ex-deputado tucano Rog\u00e9rio Marinho. Ele assume cada vez mais o papel de ponte entre o governo e esse segmento do Congresso.<\/p>\n<h3>Nem tudo est\u00e1 perdido<\/h3>\n<p>Minutos depois de empres\u00e1rios e o ministro Paulo Guedes tra\u00e7arem um cen\u00e1rio dif\u00edcil para o futuro da ind\u00fastria, o ex-ministro da Agricultura Francisco Terra dizia, em entrevista \u00e0 BandNews, que as exporta\u00e7\u00f5es do setor de aves cresceu 5%, e a de carne su\u00edna, 40% no quadrimestre. \u201cO agro est\u00e1 presente, e, nos supermercados por onde andei, n\u00e3o falta nada\u201d.<\/p>\n<h3>Tudo se repete<\/h3>\n<p>O que mais preocupa o governo em rela\u00e7\u00e3o ao v\u00eddeo da reuni\u00e3o ministerial citada por Sergio Moro em seu depoimento s\u00e3o os palavr\u00f5es que o presidente Jair Bolsonaro soltou no encontro e, segundo relatos, refer\u00eancias negativas \u00e0 China por parte da equipe. O humor presidencial daquele dia, segundo relatos, estava parecido com o da ex-presidente Dilma Rousseff quando distribu\u00eda broncas a seus ministros.<\/p>\n<h3>\nCurtidas<\/h3>\n<p><strong>O protetor<\/strong>\/ O vereador Carlos Bolsonaro tem dormido no Pal\u00e1cio da Alvorada. Os advers\u00e1rios dizem que \u00e9 para evitar ser surpreendido por alguma opera\u00e7\u00e3o de busca relacionada ao inqu\u00e9rito das Fake News. Os amigos dizem que \u00e9 vontade de proteger e ficar perto do pai.<\/p>\n<p><strong>Fake news?<\/strong>\/ Grupos extremistas t\u00eam colocado nas redes sociais uma fala antiga do vice-presidente Hamilton Mour\u00e3o como se fosse o apoio da c\u00fapula das For\u00e7as Armadas \u00e0 interven\u00e7\u00e3o militar.<\/p>\n<p><strong>Melhor assim<\/strong>\/ Ministros do STF n\u00e3o gostaram, mas entenderam o fato de Toffoli receber o presidente Jair Bolsonaro e os empres\u00e1rios. Se recusasse o encontro, daria ao presidente o discurso de que o Supremo \u00e9 avesso ao di\u00e1logo. Toffoli teve ainda a habilidade de cobrar do presidente o estabelecimento de um plano de retomada em di\u00e1logo com os estados.<\/p>\n<p><strong>Mandetta, o retorno<\/strong>\/ O ex-ministro da Sa\u00fade Luiz Henrique Mandetta nunca foi t\u00e3o requisitado para falar dos \u201cdias dif\u00edceis\u201d que mencionava quando ainda era ministro e defendia que todos seguissem as recomenda\u00e7\u00f5es da ci\u00eancia. Com o registro de 1.825 mortes por coronav\u00edrus no Brasil em 72 horas, esses dias chegaram.<\/p>\n","protected":false},"excerpt":{"rendered":"<p>Coluna Bras\u00edlia &#8211; DF A reuni\u00e3o entre o presidente Jair Bolsonaro, empres\u00e1rios e o presidente do Supremo Tribunal Federal, Dias Toffoli, conseguiu a proeza de deixar todos os personagens desgostosos do resultado. Os ministros do Supremo avaliaram, em conversas reservadas, que Toffoli deixou o palco aberto para Bolsonaro fazer sua propaganda do fim do isolamento social e tentar jogar a [&hellip;]<\/p>\n","protected":false},"author":29,"featured_media":5417,"comment_status":"closed","ping_status":"closed","sticky":false,"template":"","format":"standard","meta":{"footnotes":""},"categories":[4],"tags":[28,135,49,96,34],"class_list":["post-5416","post","type-post","status-publish","format-standard","has-post-thumbnail","hentry","category-coluna-brasilia-df","tag-bolsonaro","tag-centrao","tag-paulo-guedes","tag-sergio-moro","tag-stf"],"_links":{"self":[{"href":"https:\/\/blogs.correiobraziliense.com.br\/denise\/wp-json\/wp\/v2\/posts\/5416","targetHints":{"allow":["GET"]}}],"collection":[{"href":"https:\/\/blogs.correiobraziliense.com.br\/denise\/wp-json\/wp\/v2\/posts"}],"about":[{"href":"https:\/\/blogs.correiobraziliense.com.br\/denise\/wp-json\/wp\/v2\/types\/post"}],"author":[{"embeddable":true,"href":"https:\/\/blogs.correiobraziliense.com.br\/denise\/wp-json\/wp\/v2\/users\/29"}],"replies":[{"embeddable":true,"href":"https:\/\/blogs.correiobraziliense.com.br\/denise\/wp-json\/wp\/v2\/comments?post=5416"}],"version-history":[{"count":1,"href":"https:\/\/blogs.correiobraziliense.com.br\/denise\/wp-json\/wp\/v2\/posts\/5416\/revisions"}],"predecessor-version":[{"id":5418,"href":"https:\/\/blogs.correiobraziliense.com.br\/denise\/wp-json\/wp\/v2\/posts\/5416\/revisions\/5418"}],"wp:featuredmedia":[{"embeddable":true,"href":"https:\/\/blogs.correiobraziliense.com.br\/denise\/wp-json\/wp\/v2\/media\/5417"}],"wp:attachment":[{"href":"https:\/\/blogs.correiobraziliense.com.br\/denise\/wp-json\/wp\/v2\/media?parent=5416"}],"wp:term":[{"taxonomy":"category","embeddable":true,"href":"https:\/\/blogs.correiobraziliense.com.br\/denise\/wp-json\/wp\/v2\/categories?post=5416"},{"taxonomy":"post_tag","embeddable":true,"href":"https:\/\/blogs.correiobraziliense.com.br\/denise\/wp-json\/wp\/v2\/tags?post=5416"}],"curies":[{"name":"wp","href":"https:\/\/api.w.org\/{rel}","templated":true}]}}