{"id":5360,"date":"2020-04-29T07:51:53","date_gmt":"2020-04-29T10:51:53","guid":{"rendered":"https:\/\/blogs.correiobraziliense.com.br\/denise\/?p=5360"},"modified":"2020-04-29T07:51:53","modified_gmt":"2020-04-29T10:51:53","slug":"revogacao-de-portaria-do-exercito-a-respeito-do-controle-de-armas-preocupa-militares","status":"publish","type":"post","link":"https:\/\/blogs.correiobraziliense.com.br\/denise\/revogacao-de-portaria-do-exercito-a-respeito-do-controle-de-armas-preocupa-militares\/","title":{"rendered":"Revoga\u00e7\u00e3o de portaria do Ex\u00e9rcito a respeito do controle de armas preocupa militares"},"content":{"rendered":"<h6><strong>Coluna Bras\u00edlia-DF<\/strong><\/h6>\n<p>A decis\u00e3o da procuradora regional, Raquel Branquinho, de pedir uma representa\u00e7\u00e3o contra o presidente Jair Bolsonaro por revogar portarias do Ex\u00e9rcito a respeito do controle de armas, \u00e9 considerada dentro do governo um ponto mais nevr\u00e1lgico do que o inqu\u00e9rito do Supremo Tribunal Federal. No Pal\u00e1cio do Planalto, prevalece a ideia de que o presidente da Rep\u00fablica \u00e9 o comandante em chefe das For\u00e7as Armadas e, portanto, o Ex\u00e9rcito tem que caminhar com ele.<\/p>\n<p>Na For\u00e7a, por\u00e9m, tem muita gente torcendo para que a iniciativa de Branquinho tenha sucesso, para que, depois, n\u00e3o se venha dizer que o pa\u00eds e suas For\u00e7as Armadas permitiram o aumento do tr\u00e1fico de armas e muni\u00e7\u00e3o no pa\u00eds e o aumento do crime organizado. A preocupa\u00e7\u00e3o \u00e9 geral, especialmente, em tempos de manifesta\u00e7\u00f5es em defesa da volta do AI-5 no QG da For\u00e7a.<\/p>\n<p>Os militares, at\u00e9 aqui, t\u00eam feito suas cr\u00edticas internamente, ou por meio de notas oficiais. Agora, h\u00e1 movimentos para ver se o Ex\u00e9rcito recupera o controle de armas e muni\u00e7\u00f5es. Afinal, quem prometeu na campanha legalidade e combate ao crime organizado n\u00e3o pode deixar, na suspens\u00e3o de portarias, janelas abertas aos criminosos.<\/p>\n<h2>\n<strong>Andr\u00e9 Mendon\u00e7a, o bom companheiro<\/strong><\/h2>\n<p>O novo ministro da Justi\u00e7a, Andr\u00e9 Mendon\u00e7a, ser\u00e1 poupado pela oposi\u00e7\u00e3o, especialmente, pelo PT. Primeiro, ele come\u00e7ou a carreira como representante da Advocacia Geral da Uni\u00e3o, em Londrina (PR). Na \u00e9poca, a cidade era administrada por Nedson Micheletti, do PT; o ex-ministro Paulo Bernardo comandava a secretaria de Fazenda; e Gleisi Hoffmann atuava como secret\u00e1ria de Gest\u00e3o P\u00fablica.<\/p>\n<h2>\n<strong>Andr\u00e9 Mendon\u00e7a, o t\u00e9cnico<\/strong><\/h2>\n<p>A proximidade e a capacidade t\u00e9cnica de Mendon\u00e7a convenceram Dias Toffoli, nos tempos em que era comandante da AGU, a trazer o atual ministro da Justi\u00e7a para Bras\u00edlia. Discreto e competente, Mendon\u00e7a foi seguindo sua carreira.<\/p>\n<h2>\n<strong>Enquanto isso, na PF\u2026<\/strong><\/h2>\n<p>Alexandre Ramagem come\u00e7a no comando da Pol\u00edcia Federal sob tiroteio dos oposicionistas e vigiado pelos pr\u00f3prios colegas. Os delegados, de uma forma geral, deram um voto de confian\u00e7a por, pelo menos, tr\u00eas meses de \u201cest\u00e1gio probat\u00f3rio\u201d. Foi o tempo que Fernando Seg\u00f3via durou na dire\u00e7\u00e3o da PF, depois de indicado por Michel Temer e chegar com a pecha de ter a miss\u00e3o de proteger o presidente da Rep\u00fablica.<\/p>\n<h2>\n<strong>Entre Dilma e Temer<\/strong><\/h2>\n<p>Em conversas reservadas, aliados do presidente Jair Bolsonaro j\u00e1 o alertaram que, diante da atual situa\u00e7\u00e3o, ele ter\u00e1 que escolher se preferir\u00e1 agir como o ex-presidente Michel Temer, que soube manter uma articula\u00e7\u00e3o pol\u00edtica e garantir o mandato, ou repetir a presidente Dilma Rousseff, que brigou com meio mundo e acabou perdendo a faixa presidencial. O que n\u00e3o d\u00e1 \u00e9 para continuar sendo\u2026 o Bolsonaro que arruma confronto em todas as frentes.<\/p>\n<p><strong>Cad\u00ea os deputados?\/<\/strong> At\u00e9 o presidente Jair Bolsonaro ontem cobrava quem s\u00e3o os deputados relacionados \u00e0s fake news. Cansou de ver apenas Carlos Bolsonaro citado. Para alguns parlamentares, \u00e9 sinal de que, se houver acusa\u00e7\u00e3o a aliados do presidente, algu\u00e9m da base bolsonarista ter\u00e1 que ficar com essa conta. E n\u00e3o ser\u00e1 02.<\/p>\n<p><strong>Teich e o isolamento I\/<\/strong> Ao falar em \u201cagravamento da situa\u00e7\u00e3o\u201d da Covid-19 no Brasil, o ministro da Sa\u00fade, Nelson Teich, deixou a muitos palacianos a impress\u00e3o de que n\u00e3o se afastar\u00e1 das recomenda\u00e7\u00f5es t\u00e9cnicas, apesar de estar alinhado ao presidente Jair Bolsonaro.<\/p>\n<p><strong>Teich e o isolamento II\/<\/strong> Falta, por\u00e9m, entregar ao pa\u00eds um projeto de volta ao trabalho, o que, diante do agravamento da situa\u00e7\u00e3o, parece imposs\u00edvel. O pa\u00eds continua sem um plano nacional, e cada governador cuidando do seu estado.<\/p>\n<p><strong>Abin em festa\/<\/strong> Na Ag\u00eancia Brasileira de Intelig\u00eancia, a escolha de Frank M\u00e1rcio de Oliveira foi recebida com entusiasmo. Afinal, foi a primeira vez em que um concursado da Ag\u00eancia chegou ao comando. Ele \u00e9 da \u00e1rea t\u00e9cnica e operacional, sempre esteve dentro da ag\u00eancia, \u00e9 estudioso e conhecido por n\u00e3o criar problemas.<\/p>\n","protected":false},"excerpt":{"rendered":"<p>Coluna Bras\u00edlia-DF A decis\u00e3o da procuradora regional, Raquel Branquinho, de pedir uma representa\u00e7\u00e3o contra o presidente Jair Bolsonaro por revogar portarias do Ex\u00e9rcito a respeito do controle de armas, \u00e9 considerada dentro do governo um ponto mais nevr\u00e1lgico do que o inqu\u00e9rito do Supremo Tribunal Federal. No Pal\u00e1cio do Planalto, prevalece a ideia de que o presidente da Rep\u00fablica \u00e9 [&hellip;]<\/p>\n","protected":false},"author":29,"featured_media":5361,"comment_status":"closed","ping_status":"closed","sticky":false,"template":"","format":"standard","meta":{"footnotes":""},"categories":[4],"tags":[],"class_list":["post-5360","post","type-post","status-publish","format-standard","has-post-thumbnail","hentry","category-coluna-brasilia-df"],"_links":{"self":[{"href":"https:\/\/blogs.correiobraziliense.com.br\/denise\/wp-json\/wp\/v2\/posts\/5360","targetHints":{"allow":["GET"]}}],"collection":[{"href":"https:\/\/blogs.correiobraziliense.com.br\/denise\/wp-json\/wp\/v2\/posts"}],"about":[{"href":"https:\/\/blogs.correiobraziliense.com.br\/denise\/wp-json\/wp\/v2\/types\/post"}],"author":[{"embeddable":true,"href":"https:\/\/blogs.correiobraziliense.com.br\/denise\/wp-json\/wp\/v2\/users\/29"}],"replies":[{"embeddable":true,"href":"https:\/\/blogs.correiobraziliense.com.br\/denise\/wp-json\/wp\/v2\/comments?post=5360"}],"version-history":[{"count":1,"href":"https:\/\/blogs.correiobraziliense.com.br\/denise\/wp-json\/wp\/v2\/posts\/5360\/revisions"}],"predecessor-version":[{"id":5362,"href":"https:\/\/blogs.correiobraziliense.com.br\/denise\/wp-json\/wp\/v2\/posts\/5360\/revisions\/5362"}],"wp:featuredmedia":[{"embeddable":true,"href":"https:\/\/blogs.correiobraziliense.com.br\/denise\/wp-json\/wp\/v2\/media\/5361"}],"wp:attachment":[{"href":"https:\/\/blogs.correiobraziliense.com.br\/denise\/wp-json\/wp\/v2\/media?parent=5360"}],"wp:term":[{"taxonomy":"category","embeddable":true,"href":"https:\/\/blogs.correiobraziliense.com.br\/denise\/wp-json\/wp\/v2\/categories?post=5360"},{"taxonomy":"post_tag","embeddable":true,"href":"https:\/\/blogs.correiobraziliense.com.br\/denise\/wp-json\/wp\/v2\/tags?post=5360"}],"curies":[{"name":"wp","href":"https:\/\/api.w.org\/{rel}","templated":true}]}}