{"id":5268,"date":"2020-04-22T07:30:59","date_gmt":"2020-04-22T10:30:59","guid":{"rendered":"https:\/\/blogs.correiobraziliense.com.br\/denise\/?p=5268"},"modified":"2020-04-22T07:30:59","modified_gmt":"2020-04-22T10:30:59","slug":"para-tirar-maia-do-comando-da-camara-bolsonaro-tenta-dividir-o-centrao","status":"publish","type":"post","link":"https:\/\/blogs.correiobraziliense.com.br\/denise\/para-tirar-maia-do-comando-da-camara-bolsonaro-tenta-dividir-o-centrao\/","title":{"rendered":"Para tirar Maia do comando da C\u00e2mara, Bolsonaro tenta dividir o Centr\u00e3o"},"content":{"rendered":"<h6><strong>Coluna Bras\u00edlia-DF<\/strong><\/h6>\n<p>O presidente Jair Bolsonaro trabalha para dividir o Centr\u00e3o e, assim, tirar Rodrigo Maia do comando da C\u00e2mara, fazer o seu sucessor e dominar a Casa. S\u00f3 tem um probleminha: ainda que Bolsonaro conte com seus apoiadores e metade do Centr\u00e3o em favor de uma candidatura, ainda assim n\u00e3o ter\u00e1 metade dos votos da C\u00e2mara a fim de liquidar a elei\u00e7\u00e3o no primeiro turno.<\/p>\n<p>E \u00e9 essa conta que o presidente tem de fechar para decidir se apoiar\u00e1 o vice-presidente da C\u00e2mara, deputado Marcos Pereira (Republicanos-SP), ou o l\u00edder do Progressistas, Arthur Lira (AL).<\/p>\n<p>\u00bb \u00bb \u00bb<\/p>\n<p>Bolsonaro est\u00e1 mais propenso, no momento, a insuflar a candidatura de Lira, de forma a rachar o antigo PP. Tudo por causa da proximidade entre Maia e o l\u00edder da maioria, Aguinaldo Ribeiro (Progressistas-PB), uma das apostas do atual presidente da C\u00e2mara, com bom tr\u00e2nsito entre os partidos. Por\u00e9m, pol\u00edticos experientes como Arthur e Aguinaldo sabem que Bolsonaro costuma largar pelo caminho quem lhe contraria. No momento, Lira se aproxima, mas desconfiado.<\/p>\n<h2>\n<strong>Segura isso a\u00ed<\/strong><\/h2>\n<p>O presidente j\u00e1 foi aconselhado a deixar de lado a disputa pela Presid\u00eancia da C\u00e2mara. Seus aliados consideram que ele entrou muito cedo. E, no quesito, quem sai a campo muito antes da hora costuma queimar a largada. Ainda mais quando n\u00e3o tem tanto lastro pol\u00edtico no Parlamento, como \u00e9 o caso de Bolsonaro no cen\u00e1rio atual.<\/p>\n<h2>\n<strong>Economistas n\u00e3o gostaram<\/strong><\/h2>\n<p>A defesa do AI-5 e da interven\u00e7\u00e3o militar na manifesta\u00e7\u00e3o de domingo acendeu o pisca alerta na \u00e1rea econ\u00f4mica. N\u00e3o d\u00e1 para criar instabilidade dizendo que n\u00e3o tem negocia\u00e7\u00e3o, como fez o presidente, e querer que os investidores apostem suas economias no Brasil.<\/p>\n<h2>\n<strong>Inqu\u00e9rito educativo<\/strong><\/h2>\n<p>A coluna antecipou, ontem, que os bolsonaristas n\u00e3o est\u00e3o nada preocupados com o inqu\u00e9rito que investigar\u00e1 quem conclamou atos contra o Estado de direito no Brasil \u2014 h\u00e1 quem diga que a iniciativa ser\u00e1, no m\u00ednimo, um alerta. Agora, quem quiser convocar atos de fechamento das institui\u00e7\u00f5es e de volta de instrumentos para calar a voz de quem pensa diferente ter\u00e1 de calcular mais os riscos.<\/p>\n<h2>\n<strong>A aposta do Senado<\/strong><\/h2>\n<p>Os senadores v\u00e3o partir para uma proposta intermedi\u00e1ria entre o que foi aprovado pela C\u00e2mara em termos de socorro aos estados e o que deseja o governo. A ideia da equipe econ\u00f4mica \u00e9 transferir 80% de R$ 40 bilh\u00f5es per capita e suspender o pagamento de parcelas de d\u00edvidas com a Uni\u00e3o. Os senadores est\u00e3o analisando e, ontem, tiveram reuni\u00f5es virtuais para tentar aprovar algo desse tipo ainda esta semana.<\/p>\n<h2>\n<strong>Sem \u201ccontrabando\u201d<\/strong><\/h2>\n<p>Ao deixar caducar a MP da carteira de trabalho verde e amarela, o Congresso deu uma li\u00e7\u00e3o ao governo: sempre que vier algo como uma minirreforma dentro de uma MP, os congressistas n\u00e3o v\u00e3o levar adiante. Afinal, conforme bem lembrou a senadora Simone Tebet, ao programa CB.Poder, se fosse s\u00f3 a carteira verde e amarela, a proposta teria sido aprovada sem muita pol\u00eamica.<\/p>\n<h2><strong><em>CURTIDAS<\/em><\/strong><\/h2>\n<p><strong>A hora do MDB\/<\/strong> Al\u00e9m da C\u00e2mara, Bolsonaro come\u00e7a a auscultar o \u00e2nimo dos senadores. Hoje, ele tem na agenda o presidente do partido, Baleia Rossi, e o senador Eduardo Braga (AM), pr\u00e9-candidato a presidente do Senado.<\/p>\n<p><strong>DEM na \u00e1rea\/<\/strong> O presidente quer conversar, ainda, com o presidente do Democratas, ACM Neto. \u00c9 para dizer que a demiss\u00e3o de Mandetta e a briga com Rodrigo Maia n\u00e3o t\u00eam nada de \u201cpessoal\u201d. H\u00e1 quem diga que Bolsonaro quer mesmo \u00e9 a foto com o presidente da legenda ainda esta semana. Assim, de foto em foto, monta o discurso de que tem di\u00e1logo pol\u00edtico com o Congresso.<\/p>\n<p><strong>Sinais invertidos\/<\/strong> Bolsonaro tenta se reaproximar do DEM, mas seus aliados, n\u00e3o. O deputado Diego Garcia (Podemos-PR) foi para as redes sociais pedir o afastamento de Maia: \u201cA revolta da popula\u00e7\u00e3o \u00e9 clara, tem nome, presidente da C\u00e2mara, Rodrigo Maia, que insiste em falar em nome da C\u00e2mara, ou seja, 513 deputados! Quero deixar bem claro, ele n\u00e3o fala em meu nome. Sua maior contribui\u00e7\u00e3o, agora, seria seu afastamento! #foramaia\u201d, escreveu.<\/p>\n<p><strong>Enquanto isso, no anivers\u00e1rio de Bras\u00edlia&#8230;\/<\/strong> Nem s\u00f3 de sess\u00f5es virtuais e de pol\u00eamicas vive a senadora K\u00e1tia Abreu (PDT-TO). Ontem, por exemplo, ela e o marido aproveitaram o feriado para cozinhar um assado de cordeiro e um arroz com frango desfiado, cebola dourada, uva-passa e castanhas: \u201cDizem que \u00e9 marroquino, mas \u00e9, na verdade, tocantino\u201d, comentou, repetindo o bord\u00e3o que tem tomado conta das postagens nas redes sociais: \u201cSe voc\u00ea n\u00e3o precisa sair, fique em casa\u201d.<\/p>\n","protected":false},"excerpt":{"rendered":"<p>Coluna Bras\u00edlia-DF O presidente Jair Bolsonaro trabalha para dividir o Centr\u00e3o e, assim, tirar Rodrigo Maia do comando da C\u00e2mara, fazer o seu sucessor e dominar a Casa. S\u00f3 tem um probleminha: ainda que Bolsonaro conte com seus apoiadores e metade do Centr\u00e3o em favor de uma candidatura, ainda assim n\u00e3o ter\u00e1 metade dos votos da C\u00e2mara a fim de [&hellip;]<\/p>\n","protected":false},"author":29,"featured_media":5269,"comment_status":"closed","ping_status":"closed","sticky":false,"template":"","format":"standard","meta":{"footnotes":""},"categories":[4],"tags":[28,39,135,51],"class_list":["post-5268","post","type-post","status-publish","format-standard","has-post-thumbnail","hentry","category-coluna-brasilia-df","tag-bolsonaro","tag-camara","tag-centrao","tag-rodrigo-maia"],"_links":{"self":[{"href":"https:\/\/blogs.correiobraziliense.com.br\/denise\/wp-json\/wp\/v2\/posts\/5268","targetHints":{"allow":["GET"]}}],"collection":[{"href":"https:\/\/blogs.correiobraziliense.com.br\/denise\/wp-json\/wp\/v2\/posts"}],"about":[{"href":"https:\/\/blogs.correiobraziliense.com.br\/denise\/wp-json\/wp\/v2\/types\/post"}],"author":[{"embeddable":true,"href":"https:\/\/blogs.correiobraziliense.com.br\/denise\/wp-json\/wp\/v2\/users\/29"}],"replies":[{"embeddable":true,"href":"https:\/\/blogs.correiobraziliense.com.br\/denise\/wp-json\/wp\/v2\/comments?post=5268"}],"version-history":[{"count":2,"href":"https:\/\/blogs.correiobraziliense.com.br\/denise\/wp-json\/wp\/v2\/posts\/5268\/revisions"}],"predecessor-version":[{"id":5271,"href":"https:\/\/blogs.correiobraziliense.com.br\/denise\/wp-json\/wp\/v2\/posts\/5268\/revisions\/5271"}],"wp:featuredmedia":[{"embeddable":true,"href":"https:\/\/blogs.correiobraziliense.com.br\/denise\/wp-json\/wp\/v2\/media\/5269"}],"wp:attachment":[{"href":"https:\/\/blogs.correiobraziliense.com.br\/denise\/wp-json\/wp\/v2\/media?parent=5268"}],"wp:term":[{"taxonomy":"category","embeddable":true,"href":"https:\/\/blogs.correiobraziliense.com.br\/denise\/wp-json\/wp\/v2\/categories?post=5268"},{"taxonomy":"post_tag","embeddable":true,"href":"https:\/\/blogs.correiobraziliense.com.br\/denise\/wp-json\/wp\/v2\/tags?post=5268"}],"curies":[{"name":"wp","href":"https:\/\/api.w.org\/{rel}","templated":true}]}}