{"id":5238,"date":"2020-04-17T07:36:13","date_gmt":"2020-04-17T10:36:13","guid":{"rendered":"https:\/\/blogs.correiobraziliense.com.br\/denise\/?p=5238"},"modified":"2020-04-17T07:36:13","modified_gmt":"2020-04-17T10:36:13","slug":"impedido-de-agir-como-quer-pelo-stf-bolsonaro-ficara-mais-a-vontade-apos-trocar-ministro","status":"publish","type":"post","link":"https:\/\/blogs.correiobraziliense.com.br\/denise\/impedido-de-agir-como-quer-pelo-stf-bolsonaro-ficara-mais-a-vontade-apos-trocar-ministro\/","title":{"rendered":"Impedido de agir como quer pelo STF, Bolsonaro ficar\u00e1 mais \u00e0 vontade ap\u00f3s trocar ministro"},"content":{"rendered":"<h6><strong>Coluna Bras\u00edlia-DF<\/strong><\/h6>\n<p>Ainda que Jair Bolsonaro tenha trocado o ministro da Sa\u00fade, o presidente n\u00e3o conseguir\u00e1 fazer tudo o que quer em termos de fim do isolamento social ou mesmo uso indiscriminado da hidroxicloroquina. Quanto ao isolamento, o Supremo Tribunal Federal j\u00e1 definiu por unanimidade que governadores e prefeitos t\u00eam o direito de determinar o isolamento, se considerarem necess\u00e1rio. Em rela\u00e7\u00e3o \u00e0 cloroquina, tamb\u00e9m n\u00e3o est\u00e1 descartada uma judicializa\u00e7\u00e3o, conforme bem lembrou o ministro do Supremo Tribunal Federal Gilmar Mendes, na entrevista ao <em><strong>CB.Poder<\/strong><\/em>, na semana passada.<\/p>\n<p>\u00bb \u00bb \u00bb<\/p>\n<p>No meio dessa disputa, ainda que n\u00e3o consiga impor sua vontade com a troca, o presidente apostar\u00e1 nas manifesta\u00e7\u00f5es que seus apoiadores far\u00e3o nos pr\u00f3ximos dias, em prol do retorno ao trabalho. Agora, Bolsonaro se sente mais \u201csolto\u201d para convocar os seus sem se preocupar em levar \u201cbronca\u201d do ministro.<\/p>\n<h2>\n<strong>Onde mora o perigo<\/strong><\/h2>\n<p>Bolsonaro vai interferir nas nomea\u00e7\u00f5es do segundo escal\u00e3o do Minist\u00e9rio da Sa\u00fade. J\u00e1 tem muita gente na \u00e1rea t\u00e9cnica com receio de que venham a\u00ed mais alguns \u201cbolsonaristas raiz\u201d, sem carta branca para que Nelson Teich monte sua equipe.<\/p>\n<h2><strong>Antes da demiss\u00e3o\u2026<\/strong><\/h2>\n<p>O presidente passou os dias em reuni\u00e3o com agentes pol\u00edticos para tentar reduzir o dano pol\u00edtico no Congresso com a decis\u00e3o tomada, desde domingo, de tirar Luiz Henrique Mandetta do cargo. Ontem, conforme antecipou a coluna, foi a vez do presidente do PSD, Gilberto Kassab.<\/p>\n<h2><strong>\u2026 preparar o terreno&#8230;<\/strong><\/h2>\n<p>As conversas pol\u00edticas n\u00e3o foram apenas para preparar o terreno, a fim de baixar o tom pela demiss\u00e3o de Mandetta. Pesou tamb\u00e9m a vontade de arrumar alguma base pol\u00edtica para que a vida p\u00f3s-pandemia n\u00e3o vire um pandem\u00f4nio.<\/p>\n<h2><strong>&#8230;e ampliar os 70<\/strong><\/h2>\n<p>O presidente est\u00e1 muito preocupado com o fato de ter obtido apenas 70 votos, no plen\u00e1rio da C\u00e2mara, quando da vota\u00e7\u00e3o do socorro aos estados e munic\u00edpios, conforme antecipou a coluna, ontem, ao elencar os encontros pol\u00edticos nos \u00faltimos dias. Bolsonaro agora est\u00e1 disposto a tentar ampliar esse n\u00famero, atacando o deputado Rodrigo Maia (DEM-RJ). O problema \u00e9 que, para essa amplia\u00e7\u00e3o, conversa justamente com o que os bolsonaristas chamam de \u201csupra-sumo da velha pol\u00edtica\u201d.<\/p>\n<h2>\n<em><strong>CURTIDAS<\/strong><\/em><\/h2>\n<p><strong>Tira a sa\u00fade da sala e p\u00f5e Maia\/<\/strong> Com a sa\u00edda de Mandetta do governo, Bolsonaro coloca agora o presidente da C\u00e2mara como o alvo preferencial. O presidente n\u00e3o vive sem um confronto direto e acaba de eleger mais um, enquanto o novo ministro Da Sa\u00fade, Nelson Teich, far\u00e1 as mudan\u00e7as na equipe do Minist\u00e9rio.<\/p>\n<p><strong>Entre Mandetta e Bolsonaro&#8230;\/<\/strong> At\u00e9 aqui, pelas rea\u00e7\u00f5es dos pol\u00edticos, a maioria d\u00e1 sinais de apoio maior ao ex-ministro. O DEM, por exemplo, est\u00e1 cada vez mais distante do presidente.<\/p>\n<p><strong>Ningu\u00e9m entendeu\/<\/strong> O presidente insistiu tanto no uso da hidroxicloroquina e n\u00e3o bateu bumbo sobre os testes com um novo medicamento, que o ministro da Ci\u00eancia e Tecnologia, Marcos Pontes, defendeu e anunciou como algo que tem 94% de chance de dar certo.<\/p>\n<p><strong>E tem mais\/<\/strong> Em entrevista \u00e0 Rede Vida, na noite de quarta-feira, Pontes citou ainda que o Brasil j\u00e1 desenvolveu tecnologia para testes de detec\u00e7\u00e3o do novo coronav\u00edrus e est\u00e1 pronto para produ\u00e7\u00e3o em larga escala.<\/p>\n","protected":false},"excerpt":{"rendered":"<p>Coluna Bras\u00edlia-DF Ainda que Jair Bolsonaro tenha trocado o ministro da Sa\u00fade, o presidente n\u00e3o conseguir\u00e1 fazer tudo o que quer em termos de fim do isolamento social ou mesmo uso indiscriminado da hidroxicloroquina. Quanto ao isolamento, o Supremo Tribunal Federal j\u00e1 definiu por unanimidade que governadores e prefeitos t\u00eam o direito de determinar o isolamento, se considerarem necess\u00e1rio. Em [&hellip;]<\/p>\n","protected":false},"author":29,"featured_media":5239,"comment_status":"closed","ping_status":"closed","sticky":false,"template":"","format":"standard","meta":{"footnotes":""},"categories":[4],"tags":[28,308,307,156,34],"class_list":["post-5238","post","type-post","status-publish","format-standard","has-post-thumbnail","hentry","category-coluna-brasilia-df","tag-bolsonaro","tag-cloroquina","tag-isolamento-social","tag-mandetta","tag-stf"],"_links":{"self":[{"href":"https:\/\/blogs.correiobraziliense.com.br\/denise\/wp-json\/wp\/v2\/posts\/5238","targetHints":{"allow":["GET"]}}],"collection":[{"href":"https:\/\/blogs.correiobraziliense.com.br\/denise\/wp-json\/wp\/v2\/posts"}],"about":[{"href":"https:\/\/blogs.correiobraziliense.com.br\/denise\/wp-json\/wp\/v2\/types\/post"}],"author":[{"embeddable":true,"href":"https:\/\/blogs.correiobraziliense.com.br\/denise\/wp-json\/wp\/v2\/users\/29"}],"replies":[{"embeddable":true,"href":"https:\/\/blogs.correiobraziliense.com.br\/denise\/wp-json\/wp\/v2\/comments?post=5238"}],"version-history":[{"count":2,"href":"https:\/\/blogs.correiobraziliense.com.br\/denise\/wp-json\/wp\/v2\/posts\/5238\/revisions"}],"predecessor-version":[{"id":5241,"href":"https:\/\/blogs.correiobraziliense.com.br\/denise\/wp-json\/wp\/v2\/posts\/5238\/revisions\/5241"}],"wp:featuredmedia":[{"embeddable":true,"href":"https:\/\/blogs.correiobraziliense.com.br\/denise\/wp-json\/wp\/v2\/media\/5239"}],"wp:attachment":[{"href":"https:\/\/blogs.correiobraziliense.com.br\/denise\/wp-json\/wp\/v2\/media?parent=5238"}],"wp:term":[{"taxonomy":"category","embeddable":true,"href":"https:\/\/blogs.correiobraziliense.com.br\/denise\/wp-json\/wp\/v2\/categories?post=5238"},{"taxonomy":"post_tag","embeddable":true,"href":"https:\/\/blogs.correiobraziliense.com.br\/denise\/wp-json\/wp\/v2\/tags?post=5238"}],"curies":[{"name":"wp","href":"https:\/\/api.w.org\/{rel}","templated":true}]}}