{"id":5227,"date":"2020-04-16T07:43:51","date_gmt":"2020-04-16T10:43:51","guid":{"rendered":"https:\/\/blogs.correiobraziliense.com.br\/denise\/?p=5227"},"modified":"2020-04-16T07:43:51","modified_gmt":"2020-04-16T10:43:51","slug":"bolsonaro-quer-um-novo-ministro-da-saude-que-seja-medico-cristao-e-de-sp","status":"publish","type":"post","link":"https:\/\/blogs.correiobraziliense.com.br\/denise\/bolsonaro-quer-um-novo-ministro-da-saude-que-seja-medico-cristao-e-de-sp\/","title":{"rendered":"Bolsonaro quer um novo ministro da Sa\u00fade que seja m\u00e9dico, crist\u00e3o e de SP"},"content":{"rendered":"<h6><strong>Coluna Bras\u00edlia-DF<\/strong><\/h6>\n<p>O presidente quer um novo ministro da Sa\u00fade que seja m\u00e9dico, crist\u00e3o e de S\u00e3o Paulo. O perfil \u201cde S\u00e3o Paulo\u201d tem um objetivo muito claro: fazer um contraponto ao governador Jo\u00e3o D\u00f3ria com a defesa do fim do isolamento social pregado no estado que \u00e9 visto como a locomotiva do Brasil.<\/p>\n<h2>\n<strong>O alvo de Bolsonaro<\/strong><\/h2>\n<p>Alguns dos m\u00e9dicos contactados j\u00e1 perceberam essa armadilha e recusaram o convite do presidente. Preferem ficar na frente de batalha, ou seja, nas trincheiras hospitalares.<\/p>\n<h2>\n<strong>O xeque de Mandetta<\/strong><\/h2>\n<p>No papel de namoradinho do Brasil, o ministro da Sa\u00fade diz que est\u00e1 com o SUS, a sa\u00fade e a ci\u00eancia, e tem o compromisso de transpar\u00eancia de todos os n\u00fameros de casos. Sua fala, avaliam alguns, deixou o presidente com a miss\u00e3o de encontrar algu\u00e9m que siga por esse mesmo caminho. Caso contr\u00e1rio, o novo ministro chegar\u00e1 sob o signo da desconfian\u00e7a, o que seria o pior dos mundos.<\/p>\n<h2><strong>Onde mora o perigo<\/strong><\/h2>\n<p>\u00c9 grande a desconfian\u00e7a de que Bolsonaro determinar\u00e1 a um novo ministro que n\u00e3o divulgue o n\u00famero de mortos pela Covid-19, e sim pela comorbidade \u2013\u2013 ou seja, cardiopatia grave e por a\u00ed vai. Seria a invers\u00e3o dos fatores, algo que a atual equipe da Sa\u00fade n\u00e3o faz, porque, nesse caso, a invers\u00e3o dos fatores altera o produto.<\/p>\n","protected":false},"excerpt":{"rendered":"<p>Coluna Bras\u00edlia-DF O presidente quer um novo ministro da Sa\u00fade que seja m\u00e9dico, crist\u00e3o e de S\u00e3o Paulo. O perfil \u201cde S\u00e3o Paulo\u201d tem um objetivo muito claro: fazer um contraponto ao governador Jo\u00e3o D\u00f3ria com a defesa do fim do isolamento social pregado no estado que \u00e9 visto como a locomotiva do Brasil. O alvo de Bolsonaro Alguns dos [&hellip;]<\/p>\n","protected":false},"author":29,"featured_media":5230,"comment_status":"closed","ping_status":"closed","sticky":false,"template":"","format":"standard","meta":{"footnotes":""},"categories":[4],"tags":[28,156,306],"class_list":["post-5227","post","type-post","status-publish","format-standard","has-post-thumbnail","hentry","category-coluna-brasilia-df","tag-bolsonaro","tag-mandetta","tag-ministro-da-saude"],"_links":{"self":[{"href":"https:\/\/blogs.correiobraziliense.com.br\/denise\/wp-json\/wp\/v2\/posts\/5227","targetHints":{"allow":["GET"]}}],"collection":[{"href":"https:\/\/blogs.correiobraziliense.com.br\/denise\/wp-json\/wp\/v2\/posts"}],"about":[{"href":"https:\/\/blogs.correiobraziliense.com.br\/denise\/wp-json\/wp\/v2\/types\/post"}],"author":[{"embeddable":true,"href":"https:\/\/blogs.correiobraziliense.com.br\/denise\/wp-json\/wp\/v2\/users\/29"}],"replies":[{"embeddable":true,"href":"https:\/\/blogs.correiobraziliense.com.br\/denise\/wp-json\/wp\/v2\/comments?post=5227"}],"version-history":[{"count":1,"href":"https:\/\/blogs.correiobraziliense.com.br\/denise\/wp-json\/wp\/v2\/posts\/5227\/revisions"}],"predecessor-version":[{"id":5231,"href":"https:\/\/blogs.correiobraziliense.com.br\/denise\/wp-json\/wp\/v2\/posts\/5227\/revisions\/5231"}],"wp:featuredmedia":[{"embeddable":true,"href":"https:\/\/blogs.correiobraziliense.com.br\/denise\/wp-json\/wp\/v2\/media\/5230"}],"wp:attachment":[{"href":"https:\/\/blogs.correiobraziliense.com.br\/denise\/wp-json\/wp\/v2\/media?parent=5227"}],"wp:term":[{"taxonomy":"category","embeddable":true,"href":"https:\/\/blogs.correiobraziliense.com.br\/denise\/wp-json\/wp\/v2\/categories?post=5227"},{"taxonomy":"post_tag","embeddable":true,"href":"https:\/\/blogs.correiobraziliense.com.br\/denise\/wp-json\/wp\/v2\/tags?post=5227"}],"curies":[{"name":"wp","href":"https:\/\/api.w.org\/{rel}","templated":true}]}}