{"id":5205,"date":"2020-04-15T07:30:27","date_gmt":"2020-04-15T10:30:27","guid":{"rendered":"https:\/\/blogs.correiobraziliense.com.br\/denise\/?p=5205"},"modified":"2020-04-15T07:30:27","modified_gmt":"2020-04-15T10:30:27","slug":"governo-tem-a-menor-base-politica-desde-a-redemocratizacao","status":"publish","type":"post","link":"https:\/\/blogs.correiobraziliense.com.br\/denise\/governo-tem-a-menor-base-politica-desde-a-redemocratizacao\/","title":{"rendered":"Governo tem a menor base pol\u00edtica desde a redemocratiza\u00e7\u00e3o"},"content":{"rendered":"<h6><strong>Coluna Bras\u00edlia-DF<\/strong><\/h6>\n<p>O resultado da vota\u00e7\u00e3o da ajuda aos estados e munic\u00edpios na C\u00e2mara foi recebido no Pal\u00e1cio do Planalto como uma esp\u00e9cie de recado ao governo sobre a pauta econ\u00f4mica: em tempos de pandemia, o que vier em termos de ajuste fiscal ser\u00e1 castigado. O ministro da Economia, Paulo Guedes, obteve apenas 70 votos, o que aponta a menor base governista desde a redemocratiza\u00e7\u00e3o do pa\u00eds. Com isso, o presidente Jair Bolsonaro tenta se resguardar no Senado, onde o cen\u00e1rio, embora mais ameno, n\u00e3o chega a ser um \u201cc\u00e9u de brigadeiro\u201d.<\/p>\n<p>Conforme antecipou o Blog da Denise, no site do Correio Braziliense, a tend\u00eancia do Senado hoje \u00e9 fatiar a Proposta de Emenda Constitucional (PEC) do Or\u00e7amento de Guerra, promulgando apenas a parte relativa \u00e0s autoriza\u00e7\u00f5es para gastos. A parte do Banco Central e compra de t\u00edtulos privados deve retornar \u00e0 C\u00e2mara. Quanto \u00e0 ajuda aos estados, o Senado, conhecido como a \u201cCasa da Federa\u00e7\u00e3o\u201d, ter\u00e1 dificuldades em atender ao governo federal. Mas a avalia\u00e7\u00e3o dos governistas \u00e9 a de que nem tudo est\u00e1 perdido.<\/p>\n<h2>\n<strong>Santos em suspense<\/strong><\/h2>\n<p>O Minist\u00e9rio da Infraestrutura entrou em campo ontem para tentar acalmar os trabalhadores do Porto de Santos, que temem perder seus empregos por causa da demora do governo em resolver como ficam os contratos nas \u00e1reas de cont\u00eaineres, que est\u00e3o para vencer em maio. Pela lei, esses contratos podem ser renovados, mas, at\u00e9 agora, nada foi feito. A pasta fez chegar aos trabalhadores que n\u00e3o \u201ch\u00e1 risco aos empregos, porque Santos conta com quatro terminais mar\u00edtimos para cargas de cont\u00eaineres. Na eventualidade da n\u00e3o renova\u00e7\u00e3o de contratos, as \u00e1reas ser\u00e3o ocupadas por novos arrendat\u00e1rios\u201d, diz a resposta da assessoria do Minist\u00e9rio.<\/p>\n<p><strong>Deu \u00e1gua\/<\/strong> Em entrevista ao<em> CB.Poder,<\/em> em 23 de mar\u00e7o, o deputado Osmar Terra (MDB-RS, foto), cotado inclusive para ministro da Sa\u00fade, disse que \u201cno Rio Grande do Sul morriam de 950 a mil pessoas por ano de influenza. No Brasil, n\u00e3o vai morrer isso de infec\u00e7\u00e3o causada por coronav\u00edrus\u201d. O \u00faltimo boletim do Minist\u00e9rio da Sa\u00fade registra 1.532 mortes por causa da Covid-19.<\/p>\n<p><strong>Comentarista jur\u00eddico\/<\/strong> O secret\u00e1rio especial de Desburocratiza\u00e7\u00e3o, Gest\u00e3o e Governo Digital do Minist\u00e9rio da Economia, Paulo Spencer Uebel, tem tempo at\u00e9 para comentar decis\u00e3o de ministro do Supremo Tribunal Federal em sua conta no Twitter. Ontem, por exemplo, postou: \u201cO min. Lu\u00eds Roberto Barroso, do STF, votou de maneira contr\u00e1ria ao pedido de reconhecimento de f\u00e9rias de 60 dias para procuradores da Fazenda Nacional. A quest\u00e3o est\u00e1 sendo discutida pelo plen\u00e1rio virtual da Corte. Vergonha alheia desses procuradores. AGU e PGFN s\u00e3o contras (sic)!\u201d<\/p>\n<p><strong>Que sirva de alerta\/<\/strong> O pedido de abertura de inqu\u00e9rito da Procuradoria Geral da Rep\u00fablica contra o ministro da Educa\u00e7\u00e3o, Abraham Weintraub, foi visto por muitos no primeiro escal\u00e3o como um aviso aos demais. Melhor n\u00e3o mexer com outros pa\u00edses, ainda mais quando se trata de um pa\u00eds com quem o Brasil tem boas rela\u00e7\u00f5es comerciais. A solicita\u00e7\u00e3o da PGR se deveu ao post ofensivo \u00e0 China que o ministro postou nas redes sociais, h\u00e1 alguns dias.<\/p>\n<p><strong>Enquanto isso, na Fran\u00e7a&#8230;\/<\/strong> O governo franc\u00eas estuda a volta \u00e0s aulas, mas ainda n\u00e3o tem um plano fechado para essa retomada. Por enquanto, a ideia \u00e9 testar o que for poss\u00edvel e tornar o uso da m\u00e1scara obrigat\u00f3rio. Aqui, abriram-se\u2026 lojas de m\u00f3veis. Vai ver tem gente precisando de um\u2026 sof\u00e1!<\/p>\n","protected":false},"excerpt":{"rendered":"<p>Coluna Bras\u00edlia-DF O resultado da vota\u00e7\u00e3o da ajuda aos estados e munic\u00edpios na C\u00e2mara foi recebido no Pal\u00e1cio do Planalto como uma esp\u00e9cie de recado ao governo sobre a pauta econ\u00f4mica: em tempos de pandemia, o que vier em termos de ajuste fiscal ser\u00e1 castigado. O ministro da Economia, Paulo Guedes, obteve apenas 70 votos, o que aponta a menor [&hellip;]<\/p>\n","protected":false},"author":29,"featured_media":5208,"comment_status":"closed","ping_status":"closed","sticky":false,"template":"","format":"standard","meta":{"footnotes":""},"categories":[4],"tags":[303,28,49],"class_list":["post-5205","post","type-post","status-publish","format-standard","has-post-thumbnail","hentry","category-coluna-brasilia-df","tag-base-politica","tag-bolsonaro","tag-paulo-guedes"],"_links":{"self":[{"href":"https:\/\/blogs.correiobraziliense.com.br\/denise\/wp-json\/wp\/v2\/posts\/5205","targetHints":{"allow":["GET"]}}],"collection":[{"href":"https:\/\/blogs.correiobraziliense.com.br\/denise\/wp-json\/wp\/v2\/posts"}],"about":[{"href":"https:\/\/blogs.correiobraziliense.com.br\/denise\/wp-json\/wp\/v2\/types\/post"}],"author":[{"embeddable":true,"href":"https:\/\/blogs.correiobraziliense.com.br\/denise\/wp-json\/wp\/v2\/users\/29"}],"replies":[{"embeddable":true,"href":"https:\/\/blogs.correiobraziliense.com.br\/denise\/wp-json\/wp\/v2\/comments?post=5205"}],"version-history":[{"count":1,"href":"https:\/\/blogs.correiobraziliense.com.br\/denise\/wp-json\/wp\/v2\/posts\/5205\/revisions"}],"predecessor-version":[{"id":5209,"href":"https:\/\/blogs.correiobraziliense.com.br\/denise\/wp-json\/wp\/v2\/posts\/5205\/revisions\/5209"}],"wp:featuredmedia":[{"embeddable":true,"href":"https:\/\/blogs.correiobraziliense.com.br\/denise\/wp-json\/wp\/v2\/media\/5208"}],"wp:attachment":[{"href":"https:\/\/blogs.correiobraziliense.com.br\/denise\/wp-json\/wp\/v2\/media?parent=5205"}],"wp:term":[{"taxonomy":"category","embeddable":true,"href":"https:\/\/blogs.correiobraziliense.com.br\/denise\/wp-json\/wp\/v2\/categories?post=5205"},{"taxonomy":"post_tag","embeddable":true,"href":"https:\/\/blogs.correiobraziliense.com.br\/denise\/wp-json\/wp\/v2\/tags?post=5205"}],"curies":[{"name":"wp","href":"https:\/\/api.w.org\/{rel}","templated":true}]}}