{"id":5188,"date":"2020-04-12T12:28:34","date_gmt":"2020-04-12T15:28:34","guid":{"rendered":"https:\/\/blogs.correiobraziliense.com.br\/denise\/?p=5188"},"modified":"2020-04-12T12:28:34","modified_gmt":"2020-04-12T15:28:34","slug":"crise-do-coronavirus-e-oportunidade-para-o-brasil-ocupar-posicao-mais-relevante-em-relacao-aos-eua-e-a-china","status":"publish","type":"post","link":"https:\/\/blogs.correiobraziliense.com.br\/denise\/crise-do-coronavirus-e-oportunidade-para-o-brasil-ocupar-posicao-mais-relevante-em-relacao-aos-eua-e-a-china\/","title":{"rendered":"Crise do coronav\u00edrus \u00e9 oportunidade para o Brasil ocupar posi\u00e7\u00e3o mais relevante em rela\u00e7\u00e3o aos EUA e a China"},"content":{"rendered":"<h6><strong>Coluna Bras\u00edlia-DF\/Por Carlos Alexandre de Souza<\/strong><\/h6>\n<p>Na \u00faltima semana, as representa\u00e7\u00f5es diplom\u00e1ticas das duas maiores economias do mundo refor\u00e7aram a inten\u00e7\u00e3o de estreitar rela\u00e7\u00f5es comerciais com o Brasil. O novo embaixador dos Estados Unidos, Todd Chapman, espera duplicar at\u00e9 2025 o volume de transa\u00e7\u00f5es entre os dois pa\u00edses, atualmente no patamar de US$ 60 bilh\u00f5es. \u201cTemos muito trabalho a fazer. Nossas economias podem fazer muito mais juntas\u201d, disse o diplomata. Na sexta-feira, o ministro-conselheiro Qu Yuhui reiterou o interesse da China em ampliar o interc\u00e2mbio comercial e a coopera\u00e7\u00e3o no combate \u00e0 Covid-19 com a maior economia da Am\u00e9rica Latina.<\/p>\n<p>A crise da pandemia representa, portanto, uma oportunidade para o Brasil ocupar uma posi\u00e7\u00e3o mais relevante e menos subserviente em rela\u00e7\u00e3o \u00e0s duas pot\u00eancias. Nesse sentido, \u00e9 importante refor\u00e7ar os princ\u00edpios de uma diplomacia menos ideol\u00f3gica e mais pragm\u00e1tica, que tenha como diretriz uma pol\u00edtica externa voltada para o di\u00e1logo pol\u00edtico e o desenvolvimento econ\u00f4mico. Com a necessidade de reerguer a atividade econ\u00f4mica ap\u00f3s a batalha primordial em favor da sa\u00fade p\u00fablica, o restabelecimento de uma diplomacia imune a amadores e diletantes imp\u00f5e um desafio ao Itamaraty.<\/p>\n<h2><strong>Segunda onda<\/strong><\/h2>\n<p>Preocupado com os pa\u00edses que adotam a flexibiliza\u00e7\u00e3o do isolamento social, o diretor da Organiza\u00e7\u00e3o Mundial de Sa\u00fade, Tedros Ghebreyesus, alertou para o risco de uma segunda onda da pandemia, muito mais letal, caso a imprud\u00eancia predomine nas a\u00e7\u00f5es de governos e da sociedade. A trag\u00e9dia de Mil\u00e3o, com mais de 4 mil mortos ap\u00f3s o abandono do confinamento, \u00e9 o marco hist\u00f3rico de quantas vidas se perdem por causa de neglig\u00eancia.<\/p>\n<h2><strong>Condi\u00e7\u00f5es<\/strong><\/h2>\n<p>O chefe da OMS enumera seis condi\u00e7\u00f5es que devem ser atendidas antes de suavizar as medidas restritivas: a) controlar a transmiss\u00e3o do v\u00edrus; b) garantir a assist\u00eancia e a sa\u00fade p\u00fablica; c) minimizar o risco em unidades de sa\u00fade permanentes; d) implementar medidas preventivas no trabalho, em escolas e outros locais de alta frequ\u00eancia; e) controlar o risco de casos importados; f) finalmente, responsabilizar a popula\u00e7\u00e3o.<\/p>\n<h2><strong>Consci\u00eancia<\/strong><\/h2>\n<p>Ante essas recomenda\u00e7\u00f5es, vem a pergunta: estamos a seguir essas orienta\u00e7\u00f5es?<\/p>\n<h2>\n<strong>Aviso geral<\/strong><\/h2>\n<p>D\u00e9borah Duprat (foto), titular da Procuradoria dos Direitos do Cidad\u00e3o, alertou em nota t\u00e9cnica que os gestores inclinados a afrouxar as medidas restritivas sem considerar a capacidade do sistema de sa\u00fade local podem ser responsabilizados por improbidade administrativa. A infra\u00e7\u00e3o implica at\u00e9 perda de mandato para agentes p\u00fablicos em n\u00edvel municipal, estadual e federal. Duprat observa que \u00e9 \u201cdever do Poder P\u00fablico garantir o direito fundamental \u00e0 sa\u00fade da popula\u00e7\u00e3o\u201d e que a lei prev\u00ea \u201cque as pol\u00edticas p\u00fablicas respectivas devem estar voltadas \u00e0 redu\u00e7\u00e3o do risco\u201d.<\/p>\n<h2><strong>Elas ensinam<\/strong><\/h2>\n<p>Em artigo de opini\u00e3o, a jornalista norte-americana Melinda Crane descreveu as qualidades de Angela Merkel e da rainha Elizabeth II ao se dirigirem \u00e0s na\u00e7\u00f5es que comandam. Discurso sem rodeios nem falsas promessas, empatia e dignidade s\u00e3o virtudes que, segundo Crane, destoam da postura de pol\u00edticos como Donald Trump. \u201cSe os l\u00edderes se comportam com disciplina e comunicam com respeito, eles impulsionam os cidad\u00e3os a agir\u201d, acredita a jornalista.<\/p>\n<h2><strong>Vai passar<\/strong><\/h2>\n<p>Que este domingo de P\u00e1scoa renove a esperan\u00e7a. #FiqueEmCasa.<\/p>\n","protected":false},"excerpt":{"rendered":"<p>Coluna Bras\u00edlia-DF\/Por Carlos Alexandre de Souza Na \u00faltima semana, as representa\u00e7\u00f5es diplom\u00e1ticas das duas maiores economias do mundo refor\u00e7aram a inten\u00e7\u00e3o de estreitar rela\u00e7\u00f5es comerciais com o Brasil. O novo embaixador dos Estados Unidos, Todd Chapman, espera duplicar at\u00e9 2025 o volume de transa\u00e7\u00f5es entre os dois pa\u00edses, atualmente no patamar de US$ 60 bilh\u00f5es. \u201cTemos muito trabalho a fazer. [&hellip;]<\/p>\n","protected":false},"author":29,"featured_media":4204,"comment_status":"closed","ping_status":"closed","sticky":false,"template":"","format":"standard","meta":{"footnotes":""},"categories":[4],"tags":[102,243,101],"class_list":["post-5188","post","type-post","status-publish","format-standard","has-post-thumbnail","hentry","category-coluna-brasilia-df","tag-china","tag-coronavirus","tag-eua"],"_links":{"self":[{"href":"https:\/\/blogs.correiobraziliense.com.br\/denise\/wp-json\/wp\/v2\/posts\/5188","targetHints":{"allow":["GET"]}}],"collection":[{"href":"https:\/\/blogs.correiobraziliense.com.br\/denise\/wp-json\/wp\/v2\/posts"}],"about":[{"href":"https:\/\/blogs.correiobraziliense.com.br\/denise\/wp-json\/wp\/v2\/types\/post"}],"author":[{"embeddable":true,"href":"https:\/\/blogs.correiobraziliense.com.br\/denise\/wp-json\/wp\/v2\/users\/29"}],"replies":[{"embeddable":true,"href":"https:\/\/blogs.correiobraziliense.com.br\/denise\/wp-json\/wp\/v2\/comments?post=5188"}],"version-history":[{"count":1,"href":"https:\/\/blogs.correiobraziliense.com.br\/denise\/wp-json\/wp\/v2\/posts\/5188\/revisions"}],"predecessor-version":[{"id":5189,"href":"https:\/\/blogs.correiobraziliense.com.br\/denise\/wp-json\/wp\/v2\/posts\/5188\/revisions\/5189"}],"wp:featuredmedia":[{"embeddable":true,"href":"https:\/\/blogs.correiobraziliense.com.br\/denise\/wp-json\/wp\/v2\/media\/4204"}],"wp:attachment":[{"href":"https:\/\/blogs.correiobraziliense.com.br\/denise\/wp-json\/wp\/v2\/media?parent=5188"}],"wp:term":[{"taxonomy":"category","embeddable":true,"href":"https:\/\/blogs.correiobraziliense.com.br\/denise\/wp-json\/wp\/v2\/categories?post=5188"},{"taxonomy":"post_tag","embeddable":true,"href":"https:\/\/blogs.correiobraziliense.com.br\/denise\/wp-json\/wp\/v2\/tags?post=5188"}],"curies":[{"name":"wp","href":"https:\/\/api.w.org\/{rel}","templated":true}]}}