{"id":5134,"date":"2020-04-05T12:20:58","date_gmt":"2020-04-05T15:20:58","guid":{"rendered":"https:\/\/blogs.correiobraziliense.com.br\/denise\/?p=5134"},"modified":"2020-04-05T12:20:58","modified_gmt":"2020-04-05T15:20:58","slug":"guedes-bateu-boca-com-secretario-ao-defender-congelamento-de-precos-de-remedios","status":"publish","type":"post","link":"https:\/\/blogs.correiobraziliense.com.br\/denise\/guedes-bateu-boca-com-secretario-ao-defender-congelamento-de-precos-de-remedios\/","title":{"rendered":"Guedes bateu boca com secret\u00e1rio ao defender congelamento nos pre\u00e7os de rem\u00e9dios"},"content":{"rendered":"<h6><strong>Coluna Bras\u00edlia-DF<\/strong><\/h6>\n<p>Reuni\u00e3o virtual da equipe do ministro da Economia, Paulo Guedes, deu em bate-boca entre ele e o secret\u00e1rio de Produtividade, Carlos Costa, por causa do congelamento de pre\u00e7os da cesta de medicamentos e insumos farmac\u00eauticos necess\u00e1rios ao combate \u00e0 Covid-19. Costa levantou a sua preocupa\u00e7\u00e3o com o fato de a ind\u00fastria trabalhar com insumos importados, cujos pre\u00e7os subiram no mercado internacional. Guedes n\u00e3o gostou.<\/p>\n<h2>\n<strong>Quem decide<\/strong><\/h2>\n<p>\u201cSe voc\u00ea me enfrentar, voc\u00ea est\u00e1 fora da equipe\u201d, reclamou Guedes, segundo relatos que chegaram aos deputados. O clima ficou pesado. Dif\u00edcil evitar que uma equipe moldada para a valoriza\u00e7\u00e3o do mercado, como motor da economia, seguir uma cartilha inversa, sem contesta\u00e7\u00f5es. Congelamento de pre\u00e7os, por exemplo, \u00e9 quase uma heresia. Por\u00e9m, Guedes est\u00e1 afinado com o que deseja o presidente.<\/p>\n","protected":false},"excerpt":{"rendered":"<p>Coluna Bras\u00edlia-DF Reuni\u00e3o virtual da equipe do ministro da Economia, Paulo Guedes, deu em bate-boca entre ele e o secret\u00e1rio de Produtividade, Carlos Costa, por causa do congelamento de pre\u00e7os da cesta de medicamentos e insumos farmac\u00eauticos necess\u00e1rios ao combate \u00e0 Covid-19. Costa levantou a sua preocupa\u00e7\u00e3o com o fato de a ind\u00fastria trabalhar com insumos importados, cujos pre\u00e7os subiram [&hellip;]<\/p>\n","protected":false},"author":29,"featured_media":3388,"comment_status":"closed","ping_status":"closed","sticky":false,"template":"","format":"standard","meta":{"footnotes":""},"categories":[4],"tags":[],"class_list":["post-5134","post","type-post","status-publish","format-standard","has-post-thumbnail","hentry","category-coluna-brasilia-df"],"_links":{"self":[{"href":"https:\/\/blogs.correiobraziliense.com.br\/denise\/wp-json\/wp\/v2\/posts\/5134","targetHints":{"allow":["GET"]}}],"collection":[{"href":"https:\/\/blogs.correiobraziliense.com.br\/denise\/wp-json\/wp\/v2\/posts"}],"about":[{"href":"https:\/\/blogs.correiobraziliense.com.br\/denise\/wp-json\/wp\/v2\/types\/post"}],"author":[{"embeddable":true,"href":"https:\/\/blogs.correiobraziliense.com.br\/denise\/wp-json\/wp\/v2\/users\/29"}],"replies":[{"embeddable":true,"href":"https:\/\/blogs.correiobraziliense.com.br\/denise\/wp-json\/wp\/v2\/comments?post=5134"}],"version-history":[{"count":1,"href":"https:\/\/blogs.correiobraziliense.com.br\/denise\/wp-json\/wp\/v2\/posts\/5134\/revisions"}],"predecessor-version":[{"id":5136,"href":"https:\/\/blogs.correiobraziliense.com.br\/denise\/wp-json\/wp\/v2\/posts\/5134\/revisions\/5136"}],"wp:featuredmedia":[{"embeddable":true,"href":"https:\/\/blogs.correiobraziliense.com.br\/denise\/wp-json\/wp\/v2\/media\/3388"}],"wp:attachment":[{"href":"https:\/\/blogs.correiobraziliense.com.br\/denise\/wp-json\/wp\/v2\/media?parent=5134"}],"wp:term":[{"taxonomy":"category","embeddable":true,"href":"https:\/\/blogs.correiobraziliense.com.br\/denise\/wp-json\/wp\/v2\/categories?post=5134"},{"taxonomy":"post_tag","embeddable":true,"href":"https:\/\/blogs.correiobraziliense.com.br\/denise\/wp-json\/wp\/v2\/tags?post=5134"}],"curies":[{"name":"wp","href":"https:\/\/api.w.org\/{rel}","templated":true}]}}