{"id":5126,"date":"2020-04-04T09:01:25","date_gmt":"2020-04-04T12:01:25","guid":{"rendered":"https:\/\/blogs.correiobraziliense.com.br\/denise\/?p=5126"},"modified":"2020-04-04T09:01:25","modified_gmt":"2020-04-04T12:01:25","slug":"radicais-aliados-de-bolsonaro-causa-preocupacao-na-crise-do-coronavirus","status":"publish","type":"post","link":"https:\/\/blogs.correiobraziliense.com.br\/denise\/radicais-aliados-de-bolsonaro-causa-preocupacao-na-crise-do-coronavirus\/","title":{"rendered":"Radicais aliados de Bolsonaro causam preocupa\u00e7\u00e3o na crise do coronav\u00edrus"},"content":{"rendered":"<h6><strong>Coluna Bras\u00edlia-DF<\/strong><\/h6>\n<p>A dificuldade de o presidente Jair Bolsonaro fazer valer seu discurso diante da maioria da popula\u00e7\u00e3o, e a queda de popularidade detectada nas pesquisas desta semana, j\u00e1 levaram assessores palacianos ao diagn\u00f3stico de que, a pre\u00e7os de hoje, o capit\u00e3o sair\u00e1 da crise do novo coronav\u00edrus politicamente menor do que entrou. \u201cO perigo \u00e9 de que o presidente tender\u00e1 a se atirar de cabe\u00e7a na sua zona de conforto, acirrando os \u00e2nimos de suas bases mais fi\u00e9is, o que, para a sociedade como um todo, significar\u00e1 mais tens\u00e3o, conflito, incerteza e instabilidade, em meio a uma aguda recess\u00e3o econ\u00f4mica\u201d, prev\u00ea o relat\u00f3rio que o cientista pol\u00edtico Paulo Kramer preparou para os palacianos.<\/p>\n<p>Outras avalia\u00e7\u00f5es que chegam ao Planalto alertam ainda para a necessidade de o grupo mais fiel ao presidente n\u00e3o confundir os 57 milh\u00f5es que elegeram Bolsonaro com o bolsonarismo. Desse total, parte expressiva votou nele por causa do desejo de derrotar o PT. Agora, diante da pandemia e das posi\u00e7\u00f5es do presidente, esses grupos come\u00e7am a se separar.<\/p>\n<p>Bolsonaro pode at\u00e9 recuperar seus eleitores, a depender do comportamento diante da crise. Se permanecer na linha do conflito, a tend\u00eancia \u00e9 consolidar a separa\u00e7\u00e3o entre antipetismo e bolsonarismo. Se quiser unir novamente esses grupos, ter\u00e1 que colar sua imagem \u00e0 da equipe do Minist\u00e9rio da Sa\u00fade, que est\u00e1 com a aprova\u00e7\u00e3o anos-luz \u00e0 frente do presidente.<\/p>\n<h2>\n<strong>Mandetta, o equilibrista<\/strong><\/h2>\n<p>As \u00faltimas declara\u00e7\u00f5es p\u00fablicas de Luiz Henrique Mandetta foram bem recebidas pelo presidente, em especial as que colocaram as a\u00e7\u00f5es de combate ao novo coronav\u00edrus como obra do governo Bolsonaro. De quebra, o presidente tamb\u00e9m gostou do fato de o ministro da Sa\u00fade dizer que estava ali porque o capit\u00e3o o escolheu e deu liberdade para que montasse a equipe.<\/p>\n<h2>\n<strong>At\u00e9 a pr\u00f3xima crise<\/strong><\/h2>\n<p>O receio da turma do deixa disso \u00e9 que o gabinete do \u00f3dio volte a encher os ouvidos de Bolsonaro, na semana que vem. Afinal, ningu\u00e9m esqueceu o que o presidente disse a apoiadores, na porta do Alvorada: se o isolamento social n\u00e3o terminar, ele tomar\u00e1 provid\u00eancias.<\/p>\n<h2>\n<strong>Bolsonarismo reage<\/strong><\/h2>\n<p>Terminada a entrevista do ministro da Sa\u00fade no Planalto, a hashtag #ForaMandetta bombava no Twitter. Parte do material foi monitorado por integrantes da CPMI das Fake News para tentar detectar rob\u00f4s destinados a esse trabalho. No final do dia, entretanto, defensores de Mandetta come\u00e7aram a usar a mesma hashtag, de forma a embaralhar o jogo.<\/p>\n<h2>\n<strong>Atos &amp; consequ\u00eancias<\/strong><\/h2>\n<p>A prorroga\u00e7\u00e3o da CPMI das Fake News \u00e9 o primeiro reflexo no sentido de prepara\u00e7\u00e3o do terreno minado que o governo enfrentar\u00e1 no Congresso, depois que a pandemia da Covid-19 passar. O governo tentou evitar, mas n\u00e3o foi atendido. Ali, tem prevalecido a m\u00e1xima de que o que for \u201cpelo bem do pa\u00eds\u201d ser\u00e1 feito. O que for apenas pelo bem de Bolsonaro, nem tanto.<\/p>\n<p><strong>Onde mora o perigo\/<\/strong> Se as quadrilhas j\u00e1 estavam atr\u00e1s das pessoas para tentar aplicar golpes nos trabalhadores, por causa do aux\u00edlio emergencial de R$ 600 \u00e0s pessoas carentes, o receio agora vai no sentido inverso. \u00c9 o de que essa mesma bandidagem tente fraudar e vir com trabalhadores fantasmas. Todo cuidado \u00e9 pouco.<\/p>\n<p><strong>Onde mora o outro perigo\/<\/strong> Esses cuidados n\u00e3o podem ser dispensados, mas o Poder Executivo est\u00e1 de olho tamb\u00e9m nas cobran\u00e7as dos opositores, dia e noite, com a hashtag #pagalogo.<\/p>\n<p><strong>Livre do coronav\u00edrus\/<\/strong> A ministra da Agricultura, Tereza Cristina, fez um novo teste de coronav\u00edrus, ontem. Foi o segundo desde que a pandemia come\u00e7ou. Deu negativo. Ela tem trabalhado todos os dias, inclusive nos fins de semana, acompanhando de perto o abastecimento.<\/p>\n<p><strong>Apelo aos cat\u00f3licos\/<\/strong> Depois do encontro de Bolsonaro, na porta do Alvorada, com pastores evang\u00e9licos, os grupos bolsonaristas de WhatsApp ligados aos cat\u00f3licos replicaram, como se fosse recente, uma foto do presidente rezando na Catedral de Bras\u00edlia. A imagem \u00e9 de 5 janeiro deste ano.<\/p>\n<p><strong>Apelo aos cat\u00f3licos II\/<\/strong> A iniciativa dos apoiadores do presidente \u00e9 no sentido de tentar recuperar terreno entre os mais religiosos nessa temporada de Quaresma.<\/p>\n","protected":false},"excerpt":{"rendered":"<p>Coluna Bras\u00edlia-DF A dificuldade de o presidente Jair Bolsonaro fazer valer seu discurso diante da maioria da popula\u00e7\u00e3o, e a queda de popularidade detectada nas pesquisas desta semana, j\u00e1 levaram assessores palacianos ao diagn\u00f3stico de que, a pre\u00e7os de hoje, o capit\u00e3o sair\u00e1 da crise do novo coronav\u00edrus politicamente menor do que entrou. \u201cO perigo \u00e9 de que o presidente [&hellip;]<\/p>\n","protected":false},"author":29,"featured_media":5127,"comment_status":"closed","ping_status":"closed","sticky":false,"template":"","format":"standard","meta":{"footnotes":""},"categories":[4],"tags":[28,243,156],"class_list":["post-5126","post","type-post","status-publish","format-standard","has-post-thumbnail","hentry","category-coluna-brasilia-df","tag-bolsonaro","tag-coronavirus","tag-mandetta"],"_links":{"self":[{"href":"https:\/\/blogs.correiobraziliense.com.br\/denise\/wp-json\/wp\/v2\/posts\/5126","targetHints":{"allow":["GET"]}}],"collection":[{"href":"https:\/\/blogs.correiobraziliense.com.br\/denise\/wp-json\/wp\/v2\/posts"}],"about":[{"href":"https:\/\/blogs.correiobraziliense.com.br\/denise\/wp-json\/wp\/v2\/types\/post"}],"author":[{"embeddable":true,"href":"https:\/\/blogs.correiobraziliense.com.br\/denise\/wp-json\/wp\/v2\/users\/29"}],"replies":[{"embeddable":true,"href":"https:\/\/blogs.correiobraziliense.com.br\/denise\/wp-json\/wp\/v2\/comments?post=5126"}],"version-history":[{"count":1,"href":"https:\/\/blogs.correiobraziliense.com.br\/denise\/wp-json\/wp\/v2\/posts\/5126\/revisions"}],"predecessor-version":[{"id":5128,"href":"https:\/\/blogs.correiobraziliense.com.br\/denise\/wp-json\/wp\/v2\/posts\/5126\/revisions\/5128"}],"wp:featuredmedia":[{"embeddable":true,"href":"https:\/\/blogs.correiobraziliense.com.br\/denise\/wp-json\/wp\/v2\/media\/5127"}],"wp:attachment":[{"href":"https:\/\/blogs.correiobraziliense.com.br\/denise\/wp-json\/wp\/v2\/media?parent=5126"}],"wp:term":[{"taxonomy":"category","embeddable":true,"href":"https:\/\/blogs.correiobraziliense.com.br\/denise\/wp-json\/wp\/v2\/categories?post=5126"},{"taxonomy":"post_tag","embeddable":true,"href":"https:\/\/blogs.correiobraziliense.com.br\/denise\/wp-json\/wp\/v2\/tags?post=5126"}],"curies":[{"name":"wp","href":"https:\/\/api.w.org\/{rel}","templated":true}]}}