{"id":5121,"date":"2020-04-03T07:55:52","date_gmt":"2020-04-03T10:55:52","guid":{"rendered":"https:\/\/blogs.correiobraziliense.com.br\/denise\/?p=5121"},"modified":"2020-04-03T07:55:52","modified_gmt":"2020-04-03T10:55:52","slug":"esquecam-o-que-ele-diz-repetem-ministros-sobre-bolsonaro","status":"publish","type":"post","link":"https:\/\/blogs.correiobraziliense.com.br\/denise\/esquecam-o-que-ele-diz-repetem-ministros-sobre-bolsonaro\/","title":{"rendered":"\u201cEsque\u00e7am o que ele diz\u201d, repetem ministros sobre Bolsonaro"},"content":{"rendered":"<h6><strong>Coluna Bras\u00edlia-DF<\/strong><\/h6>\n<p>Essa tem sido a frase mais repetida por ministros do presidente Jair Bolsonaro, quando perguntados por governadores e parlamentares sobre as declara\u00e7\u00f5es presidenciais mais pol\u00eamicas a respeito da Covid-19, e cr\u00edticas aos estados, em entrevistas e lives \u00e0 porta do Alvorada. A recomenda\u00e7\u00e3o da equipe tem sido prestar aten\u00e7\u00e3o naquilo que o presidente escreve.\u00a0Por exemplo: embora tenha defendido a volta ao trabalho, dispensou por decreto a libera\u00e7\u00e3o do n\u00famero de dias letivos das escolas. Apesar de ter dito que n\u00e3o iria socorrer os governadores, liberou R$ 16 bilh\u00f5es aos estados por medida provis\u00f3ria e outros recursos vir\u00e3o.<\/p>\n<p>O distanciamento entre o discurso do presidente e a pr\u00e1tica do governo prosseguir\u00e1, enquanto durar a pandemia. Assim, se a realidade chegar ao ponto previsto pelos mais pessimistas, Bolsonaro colar\u00e1 o seu discurso nos atos do governo. Se ocorrer o cen\u00e1rio mais otimista l\u00e1 na frente, refor\u00e7ar\u00e1 o que tem dito. Como muitos nesta pandemia, ele tamb\u00e9m est\u00e1 de olho na pol\u00edtica.<\/p>\n<h2>\n<strong>C\u00e1lculos pol\u00edticos<\/strong><\/h2>\n<p>Entre os parlamentares, muita gente n\u00e3o tem mais d\u00favida: o ministro da Sa\u00fade, Luiz Henrique Mandetta, est\u00e1 de aviso pr\u00e9vio. Bolsonaro s\u00f3 n\u00e3o o substitui agora porque tem medo que o cen\u00e1rio da pandemia se agrave ainda mais e, l\u00e1 na frente, seja acusado de ter subestimado a \u201cgripezinha\u201d.<\/p>\n<h2>\n<strong>Todo cuidado \u00e9 pouco<\/strong><\/h2>\n<p>Os servi\u00e7os de defesa ao consumidor avisaram ao governo que t\u00eam recebido in\u00fameras den\u00fancias a respeito de quadrilhas que captam informa\u00e7\u00f5es de pessoas de baixa renda, por mensagens de celular e e-mails, a fim de pegar os R$ 600. O receio, agora, \u00e9 que o dinheiro acabe nas m\u00e3os dos bandidos. Por isso, \u00e9 preciso organizar muito bem os cadastros e a distribui\u00e7\u00e3o do dinheiro.<\/p>\n<h2>\n<strong>Deu \u00e1gua<\/strong><\/h2>\n<p>A ida do deputado Osmar Terra (MDB-RS) ao Planalto esta semana e a reuni\u00e3o com os m\u00e9dicos deixaram a certeza de que o presidente tenta se cercar de vis\u00f5es t\u00e9cnicas parecidas com a sua, tanto em rela\u00e7\u00e3o ao isolamento social apenas dos idosos, quanto ao uso de cloroquina. O deputado, que \u00e9 m\u00e9dico, repetiu ao presidente o que j\u00e1 havia dito no CB.Poder que enfrentou a H1N1 sem precisar de distanciamento social geral. Dos m\u00e9dicos intensivistas, Bolsonaro ouviu que a recomenda\u00e7\u00e3o, por enquanto, \u00e9 de isolamento social.<\/p>\n<blockquote><p>\n&#8220;O presidente pode ser criticado, mas faz acenos \u00e0 popula\u00e7\u00e3o. Tem gente fazendo aceno para composi\u00e7\u00e3o pol\u00edtica\u201d<\/p><\/blockquote>\n<p style=\"text-align: right\"><strong>Do l\u00edder do governo no Congresso, Eduardo Gomes (MDB-TO)<\/strong>, referindo-se aos gestos do governador de S\u00e3o Paulo, Jo\u00e3o Doria, em dire\u00e7\u00e3o ao ex-presidente Lula<\/p>\n<h2>\n<strong>CURTIDAS<\/strong><\/h2>\n<p><strong>\u00c0 beira de um ataque de nervos\/<\/strong> Silas Malafaia e outros pastores evang\u00e9licos est\u00e3o ensandecidos por causa da escassez de recolhimento do d\u00edzimo. Chegou ao ponto de um pastor de Minas Gerais pedir a Bolsonaro, na porta do Alvorada, a abertura de uma linha de cr\u00e9dito para as igrejas.<\/p>\n<p><strong>\u00c0 beira de um ataque de nervos II\/<\/strong> Malafaia tem colocado seus fi\u00e9is para filmar comunidades no Rio de Janeiro, a fim de mostrar que o considera \u201cquarentena de araque\u201d.<\/p>\n<p><strong>Jogos eleitorais\/<\/strong> A filia\u00e7\u00e3o de Marta Suplicy ao Solidariedade indica que o PT pode ter ainda mais problemas para a elei\u00e7\u00e3o de prefeito de S\u00e3o Paulo. \u00c9 que Marta, se concorrer, ainda \u00e9 considerada boa de voto na capital paulista.<\/p>\n<p><strong>Enquanto isso, na economia\/<\/strong> As promessas feitas pelo governo, de recupera\u00e7\u00e3o econ\u00f4mica no ano que vem, n\u00e3o s\u00e3o compartilhadas pelos economistas. O cen\u00e1rio, diante de um endividamento necess\u00e1rio agora por causa da pandemia, ainda \u00e9 para l\u00e1 de incerto. Quem em ju\u00edzo n\u00e3o arrisca previs\u00f5es para o amanh\u00e3. Diante do v\u00edrus, a ordem \u00e9 viver a cada dia a sua afli\u00e7\u00e3o.<\/p>\n","protected":false},"excerpt":{"rendered":"<p>Coluna Bras\u00edlia-DF Essa tem sido a frase mais repetida por ministros do presidente Jair Bolsonaro, quando perguntados por governadores e parlamentares sobre as declara\u00e7\u00f5es presidenciais mais pol\u00eamicas a respeito da Covid-19, e cr\u00edticas aos estados, em entrevistas e lives \u00e0 porta do Alvorada. A recomenda\u00e7\u00e3o da equipe tem sido prestar aten\u00e7\u00e3o naquilo que o presidente escreve.\u00a0Por exemplo: embora tenha defendido [&hellip;]<\/p>\n","protected":false},"author":29,"featured_media":5058,"comment_status":"closed","ping_status":"closed","sticky":false,"template":"","format":"standard","meta":{"footnotes":""},"categories":[4],"tags":[28,243,271,156],"class_list":["post-5121","post","type-post","status-publish","format-standard","has-post-thumbnail","hentry","category-coluna-brasilia-df","tag-bolsonaro","tag-coronavirus","tag-covid-19","tag-mandetta"],"_links":{"self":[{"href":"https:\/\/blogs.correiobraziliense.com.br\/denise\/wp-json\/wp\/v2\/posts\/5121","targetHints":{"allow":["GET"]}}],"collection":[{"href":"https:\/\/blogs.correiobraziliense.com.br\/denise\/wp-json\/wp\/v2\/posts"}],"about":[{"href":"https:\/\/blogs.correiobraziliense.com.br\/denise\/wp-json\/wp\/v2\/types\/post"}],"author":[{"embeddable":true,"href":"https:\/\/blogs.correiobraziliense.com.br\/denise\/wp-json\/wp\/v2\/users\/29"}],"replies":[{"embeddable":true,"href":"https:\/\/blogs.correiobraziliense.com.br\/denise\/wp-json\/wp\/v2\/comments?post=5121"}],"version-history":[{"count":1,"href":"https:\/\/blogs.correiobraziliense.com.br\/denise\/wp-json\/wp\/v2\/posts\/5121\/revisions"}],"predecessor-version":[{"id":5122,"href":"https:\/\/blogs.correiobraziliense.com.br\/denise\/wp-json\/wp\/v2\/posts\/5121\/revisions\/5122"}],"wp:featuredmedia":[{"embeddable":true,"href":"https:\/\/blogs.correiobraziliense.com.br\/denise\/wp-json\/wp\/v2\/media\/5058"}],"wp:attachment":[{"href":"https:\/\/blogs.correiobraziliense.com.br\/denise\/wp-json\/wp\/v2\/media?parent=5121"}],"wp:term":[{"taxonomy":"category","embeddable":true,"href":"https:\/\/blogs.correiobraziliense.com.br\/denise\/wp-json\/wp\/v2\/categories?post=5121"},{"taxonomy":"post_tag","embeddable":true,"href":"https:\/\/blogs.correiobraziliense.com.br\/denise\/wp-json\/wp\/v2\/tags?post=5121"}],"curies":[{"name":"wp","href":"https:\/\/api.w.org\/{rel}","templated":true}]}}