{"id":5116,"date":"2020-04-02T07:57:56","date_gmt":"2020-04-02T10:57:56","guid":{"rendered":"https:\/\/blogs.correiobraziliense.com.br\/denise\/?p=5116"},"modified":"2020-04-02T07:57:56","modified_gmt":"2020-04-02T10:57:56","slug":"produtores-rurais-cobram-do-governo-equipamento-de-protecao-e-testes-para-deteccao-de-coronavirus","status":"publish","type":"post","link":"https:\/\/blogs.correiobraziliense.com.br\/denise\/produtores-rurais-cobram-do-governo-equipamento-de-protecao-e-testes-para-deteccao-de-coronavirus\/","title":{"rendered":"Produtores rurais cobram do governo equipamento de prote\u00e7\u00e3o e testes para detec\u00e7\u00e3o de coronav\u00edrus"},"content":{"rendered":"<h6><strong>Coluna Bras\u00edlia-DF<\/strong><\/h6>\n<p>Produtores rurais fizeram uma s\u00e9rie de reuni\u00f5es, nos \u00faltimos dias, para cobrar do governo equipamento de prote\u00e7\u00e3o e testes para detec\u00e7\u00e3o de coronav\u00edrus. O setor continua trabalhando a pleno vapor e n\u00e3o h\u00e1 o desabastecimento, por\u00e9m quer das autoridades sanit\u00e1rias a garantia de m\u00e1scaras para os trabalhadores e, de quebra, tamb\u00e9m os testes capazes de mapear quem est\u00e1 infectado, para poder separ\u00e1-los daqueles que n\u00e3o est\u00e3o, de forma a garantir a continuidade dos servi\u00e7os. A ideia \u00e9 fazer no agro o que foi feito com toda a popula\u00e7\u00e3o da Coreia do Sul.<\/p>\n<p>A preocupa\u00e7\u00e3o j\u00e1 foi levada \u00e0 ministra da Agricultura, Tereza Cristina, e ao presidente da Comiss\u00e3o de Agricultura, o deputado Fausto Pinato (PP-SP), que fazem a ponte com o agro e a Sa\u00fade, a fim de tentar resolver esse gargalo. O problema \u00e9 que os testes t\u00eam sido voltados para os profissionais de sa\u00fade e a uma parcela dos doentes que chegam aos hospitais. Quando o cobertor \u00e9 curto, uma parte fica descoberta.<\/p>\n<h2>\n<strong>O provocador<\/strong><\/h2>\n<p>Foi dessa forma que os parlamentares classificaram Jair Bolsonaro, depois de reuni\u00e3o com um grupo de m\u00e9dicos para discutir o uso da cloroquina, sem avisar a Luiz Henrique Mandetta. Al\u00e9m de expor mais uma vez o ministro da Sa\u00fade, o presidente tirou os m\u00e9dicos da sua fun\u00e7\u00e3o na linha de frente do combate ao coronav\u00edrus, demonstrou n\u00e3o confiar na sua equipe e reduziu o prazo de validade do pronunciamento \u00e0 na\u00e7\u00e3o esta semana. Pior, imposs\u00edvel.<\/p>\n<h2>\n<strong>Onde pega<\/strong><\/h2>\n<p>Bolsonaro est\u00e1 convencido de que, se conseguir liberar logo os recursos para atendimento da popula\u00e7\u00e3o sem emprego, e se a cloroquina der certo, recupera a popularidade perdida. O problema \u00e9 que a subst\u00e2ncia \u00e9 usada hoje em casos de UTI por causa dos efeitos colaterais. E, para completar, tem gente no entorno presidencial torcendo pela demora na libera\u00e7\u00e3o de recursos para que ele possa dizer, l\u00e1 na frente, que tinha raz\u00e3o quanto \u00e0 volta imediata ao trabalho.<\/p>\n<h2>\n<strong>Discurso versus pr\u00e1tica<\/strong><\/h2>\n<p>A classe pol\u00edtica gostou da mudan\u00e7a de tom do pronunciamento de Bolsonaro, na \u00faltima ter\u00e7a-feira. Por\u00e9m, para o \u201cvamos dar as m\u00e3os\u201d, ser\u00e1 preciso que ele converta o discurso em a\u00e7\u00f5es de uni\u00e3o e, at\u00e9 aqui, essas atitudes de unidade n\u00e3o vieram.<\/p>\n<h2>\n<strong>Pronunciamento iogurte<\/strong><\/h2>\n<p>H\u00e1 um consenso at\u00e9 dentro do governo de que, se o presidente continuar a ouvir mais o gabinete do \u00f3dio e, em especial, Carlos Bolsonaro, sua fala entrar\u00e1 na classifica\u00e7\u00e3o dos g\u00eaneros perec\u00edveis. Hoje, o 02 tu\u00edta muito mais sobre desemprego do que sobre como ajudar no controle da doen\u00e7a na cidade pela qual foi eleito vereador, o Rio de Janeiro. Ou seja, servi\u00e7o que \u00e9 bom, \u00e9 s\u00f3 o zero. Sem o n\u00famero dois.<\/p>\n<h2>\n<strong>Sinais<\/strong><\/h2>\n<p>Aliados do presidente da C\u00e2mara, Rodrigo Maia (DEM-RJ), t\u00eam notado uma mudan\u00e7a nas redes sociais. Antes, qualquer postagem dele recebia uma chuva de milhares de intera\u00e7\u00f5es negativas por parte dos bolsonaristas. Agora, essas intera\u00e7\u00f5es ca\u00edram para menos de 400.<\/p>\n<h2>\n<strong>Lula na \u00e1rea&#8230;<\/strong><\/h2>\n<p>Em entrevistas a blogs e sites alternativos, o ex-presidente Luiz In\u00e1cio Lula da Silva aproveita o momento de crise para tentar comparar a crise econ\u00f4mica, que chamou de \u201cmarolinha\u201d, \u00e0 atual, que Bolsonaro chamou na semana passada de \u201cgripezinha\u201d. \u201cAs duas crises levam \u00e0 necessidade de ter governo, e agora n\u00e3o vejo. N\u00e3o tem articula\u00e7\u00e3o\u201d, disse, referindo-se a Bolsonaro.<\/p>\n<h2>\n<strong>\u2026 Quer o lugar de D\u00f3ria<\/strong><\/h2>\n<p>O objetivo do PT nesse momento \u00e9 recuperar o espa\u00e7o pol\u00edtico de polariza\u00e7\u00e3o com Bolsonaro, vaga que o governador de S\u00e3o Paulo, Jo\u00e3o Doria, est\u00e1 conquistando pelo pa\u00eds afora.<\/p>\n<p><strong>Curtidas<\/strong><\/p>\n<p><strong>Fam\u00edlia testada\/<\/strong> O presidente da Confedera\u00e7\u00e3o Nacional da Ind\u00fastria, Robson Andrade, que comp\u00f4s a comitiva de Bolsonaro aos Estados Unidos, em mar\u00e7o, descobriu que terminou infectando a esposa, a filha e os netos, e todos foram testados. Est\u00e3o todos bem.<\/p>\n<p><strong>Fam\u00edlia no escuro\/<\/strong> Pelo pa\u00eds afora, h\u00e1 in\u00fameros exemplos de fam\u00edlias que perderam entes queridos com quadro de S\u00edndrome Respirat\u00f3ria Aguda Grave. N\u00e3o sabem ainda se foi Covid-19, nem s\u00e3o levados a fazer o teste.<\/p>\n<p><strong>Quem pode pode\/<\/strong> O presidente dos Estados Unidos, Donald Trump, despachou 23 avi\u00f5es para a China a fim de buscar equipamentos hospitalares e testes para detec\u00e7\u00e3o de coronav\u00edrus. No mundo, est\u00e1 assim: quem paga \u00e0 vista, leva primeiro.<\/p>\n<p><strong>110 Sul, a quadra dividida\/<\/strong> Durante o pronunciamento de Bolsonaro, o som dos blocos de apartamentos funcionais em que residem os brigadeiros e altos oficiais da Aeron\u00e1utica era o do Hino Nacional. Uma estrat\u00e9gia inteligente para abafar o rufar das panelas nos blocos civis.<\/p>\n","protected":false},"excerpt":{"rendered":"<p>Coluna Bras\u00edlia-DF Produtores rurais fizeram uma s\u00e9rie de reuni\u00f5es, nos \u00faltimos dias, para cobrar do governo equipamento de prote\u00e7\u00e3o e testes para detec\u00e7\u00e3o de coronav\u00edrus. O setor continua trabalhando a pleno vapor e n\u00e3o h\u00e1 o desabastecimento, por\u00e9m quer das autoridades sanit\u00e1rias a garantia de m\u00e1scaras para os trabalhadores e, de quebra, tamb\u00e9m os testes capazes de mapear quem est\u00e1 [&hellip;]<\/p>\n","protected":false},"author":29,"featured_media":5117,"comment_status":"closed","ping_status":"closed","sticky":false,"template":"","format":"standard","meta":{"footnotes":""},"categories":[4],"tags":[243,297],"class_list":["post-5116","post","type-post","status-publish","format-standard","has-post-thumbnail","hentry","category-coluna-brasilia-df","tag-coronavirus","tag-tereza-cristina"],"_links":{"self":[{"href":"https:\/\/blogs.correiobraziliense.com.br\/denise\/wp-json\/wp\/v2\/posts\/5116","targetHints":{"allow":["GET"]}}],"collection":[{"href":"https:\/\/blogs.correiobraziliense.com.br\/denise\/wp-json\/wp\/v2\/posts"}],"about":[{"href":"https:\/\/blogs.correiobraziliense.com.br\/denise\/wp-json\/wp\/v2\/types\/post"}],"author":[{"embeddable":true,"href":"https:\/\/blogs.correiobraziliense.com.br\/denise\/wp-json\/wp\/v2\/users\/29"}],"replies":[{"embeddable":true,"href":"https:\/\/blogs.correiobraziliense.com.br\/denise\/wp-json\/wp\/v2\/comments?post=5116"}],"version-history":[{"count":1,"href":"https:\/\/blogs.correiobraziliense.com.br\/denise\/wp-json\/wp\/v2\/posts\/5116\/revisions"}],"predecessor-version":[{"id":5118,"href":"https:\/\/blogs.correiobraziliense.com.br\/denise\/wp-json\/wp\/v2\/posts\/5116\/revisions\/5118"}],"wp:featuredmedia":[{"embeddable":true,"href":"https:\/\/blogs.correiobraziliense.com.br\/denise\/wp-json\/wp\/v2\/media\/5117"}],"wp:attachment":[{"href":"https:\/\/blogs.correiobraziliense.com.br\/denise\/wp-json\/wp\/v2\/media?parent=5116"}],"wp:term":[{"taxonomy":"category","embeddable":true,"href":"https:\/\/blogs.correiobraziliense.com.br\/denise\/wp-json\/wp\/v2\/categories?post=5116"},{"taxonomy":"post_tag","embeddable":true,"href":"https:\/\/blogs.correiobraziliense.com.br\/denise\/wp-json\/wp\/v2\/tags?post=5116"}],"curies":[{"name":"wp","href":"https:\/\/api.w.org\/{rel}","templated":true}]}}