{"id":5112,"date":"2020-04-01T07:57:50","date_gmt":"2020-04-01T10:57:50","guid":{"rendered":"https:\/\/blogs.correiobraziliense.com.br\/denise\/?p=5112"},"modified":"2020-04-01T08:01:15","modified_gmt":"2020-04-01T11:01:15","slug":"bolsonaro-nao-abrira-mao-de-posicoes-sobre-o-combate-ao-coronavirus","status":"publish","type":"post","link":"https:\/\/blogs.correiobraziliense.com.br\/denise\/bolsonaro-nao-abrira-mao-de-posicoes-sobre-o-combate-ao-coronavirus\/","title":{"rendered":"Bolsonaro n\u00e3o abrir\u00e1 m\u00e3o de posi\u00e7\u00f5es sobre o combate ao coronav\u00edrus"},"content":{"rendered":"<p><strong>Coluna Bras\u00edlia-DF<\/strong><\/p>\n<p>Assessores de Jair Bolsonaro s\u00e3o praticamente un\u00e2nimes em afirmar que o capit\u00e3o est\u00e1 convencido de suas posi\u00e7\u00f5es sobre o combate ao coronav\u00edrus e n\u00e3o abrir\u00e1 m\u00e3o delas at\u00e9 o final da crise, ainda que danos eleitorais ocorram no futuro. A aposta do presidente continua sendo a de que, quando a crise passar, os eleitores voltar\u00e3o a apoi\u00e1-lo. Nesse sentido, o m\u00e1ximo que a equipe pode fazer por ele, at\u00e9 aqui, \u00e9 colocar todos os dados t\u00e9cnicos como obra e gra\u00e7a do Planalto.<\/p>\n<p>O problema \u00e9 que muitos ministros come\u00e7am a ficar constrangidos com a postura do chefe. Por\u00e9m, ningu\u00e9m vai sair enquanto perdurar a crise da sa\u00fade e, no caso de Paulo Guedes, vem ainda a crise econ\u00f4mica, depois da pandemia, acompanhada da terceira onda, a pol\u00edtica. O futuro do Brasil nunca foi t\u00e3o incerto.<\/p>\n<h2><strong>Atrasados<\/strong><\/h2>\n<p>A demora de Bolsonaro em sancionar a ajuda de R$ 600 aos trabalhadores informais come\u00e7ou a ser explorada pela oposi\u00e7\u00e3o, e ficar\u00e1 assim por mais tempo. Afinal, completou um m\u00eas da chegada do v\u00edrus no Brasil e, at\u00e9 o momento, a parte econ\u00f4mica, t\u00e3o citada pelo presidente, ainda n\u00e3o resultou em recursos nas m\u00e3os dos mais necessitados.<\/p>\n<h2><strong>Constrangimento<\/strong><\/h2>\n<p>Os diplomatas brasileiros pelo mundo afora est\u00e3o tontos, sem saber como explicar a posi\u00e7\u00e3o do governo e a edi\u00e7\u00e3o da fala de Tedros Adhanom feita pelo presidente, em rede nacional. Afinal, o diretor da Organiza\u00e7\u00e3o Mundial de Sa\u00fade (OMS) n\u00e3o recomendou a volta ao trabalho, e sim a prote\u00e7\u00e3o das pessoas mais necessitadas.<\/p>\n<h2><strong>Sentiu o tranco<\/strong><\/h2>\n<p>Os cuidados de Bolsonaro ao dizer, em seu pronunciamento, que est\u00e1 preocupado com a sa\u00fade das pessoas, foram vistos como um sinal de que percebeu a perda de popularidade. Por\u00e9m, o fato de dizer que quer retomar seu projeto de desenvolvimento indica que ainda n\u00e3o se deu conta do tamanho da crise e de que ter\u00e1 que ter um plano B.<\/p>\n<h2><strong>Terra, o conselheiro<\/strong><\/h2>\n<p>O ex-ministro Osmar Terra sustenta, h\u00e1 15 dias, que a curva de casos no Brasil n\u00e3o ser\u00e1 a mesma de pa\u00edses como a It\u00e1lia, e que isso n\u00e3o se deve ao isolamento. \u00c9 na posi\u00e7\u00e3o dele que Bolsonaro tem se pautado.<\/p>\n<blockquote><p><em>\u201cBolsonaro chora porque viu que errou e errou feio\u201d<\/em><\/p><\/blockquote>\n<p style=\"text-align: right\"><strong>Do deputado F\u00e1bio Trad (PSD-MS)<\/strong>, irm\u00e3o do senador Nelsinho Trad, que n\u00e3o tem comorbidades e teve 10% dos pulm\u00f5es comprometidos pela Covid-19<\/p>\n<p><strong>Deputado na UTI\/<\/strong> Vice-l\u00edder do PSC, o deputado Aluisio Mendes (MA) est\u00e1 internado no S\u00edrio Liban\u00eas, em Bras\u00edlia, por causa da Covid-19. \u00c0 coluna, ele contou que h\u00e1 seis dias passou mal, foi ao hospital e os testes deram positivos. Ainda n\u00e3o saiu da UTI, mas apresenta melhoras.<\/p>\n<p><strong>As fake news reinam&#8230;\/<\/strong> Como se n\u00e3o bastasse a gravidade da pandemia, as pessoas ainda t\u00eam que conviver com montagens de fotos que proliferam pelo WhatsApp sem o menor controle. Uma das \u00faltimas, repassadas nos grupos bolsonaristas, mostra a governadora do Rio Grande do Norte, F\u00e1tima Bezerra, junto com o vice-governador Antenor Roberto e o prefeito de Natal, \u00c1lvaro Dias.<\/p>\n<p><strong>\u2026 e as ironias tamb\u00e9m\/<\/strong> Nos grupos petistas, alguns posts perguntam \u201cCad\u00ea o Queiroz?\u201d, numa refer\u00eancia ao ex-assessor de Fl\u00e1vio Bolsonaro, que recebia dep\u00f3sitos dos funcion\u00e1rios do gabinete de Fl\u00e1vio nos tempos de deputado estadual. Os posts v\u00eam acompanhados de frases do tipo: \u201creza a lenda que a fam\u00edlia Bolsonaro recomendou a ele distanciamento social, isolamento e quarentena, a fim de evitar contamina\u00e7\u00e3o\u201d.<\/p>\n<p><strong>Term\u00f4metro\/<\/strong> O Park Sul, no setor industrial do Guar\u00e1, onde, em 2018, os moradores comemoraram de forma efusiva a vit\u00f3ria de Bolsonaro, aderiram ao panela\u00e7o na hora do pronunciamento do presidente, ontem \u00e0 noite.<\/p>\n<p><strong>CB.PODER\/<\/strong> O senador Major Ol\u00edmpio (PSL-SP) \u00e9 o entrevistado de hoje do programa, logo depois do jornal local, na<em> TV Bras\u00edlia<\/em> e nas redes sociais do <strong>Correio Braziliense<\/strong>.<\/p>\n","protected":false},"excerpt":{"rendered":"<p>Coluna Bras\u00edlia-DF Assessores de Jair Bolsonaro s\u00e3o praticamente un\u00e2nimes em afirmar que o capit\u00e3o est\u00e1 convencido de suas posi\u00e7\u00f5es sobre o combate ao coronav\u00edrus e n\u00e3o abrir\u00e1 m\u00e3o delas at\u00e9 o final da crise, ainda que danos eleitorais ocorram no futuro. A aposta do presidente continua sendo a de que, quando a crise passar, os eleitores voltar\u00e3o a apoi\u00e1-lo. Nesse [&hellip;]<\/p>\n","protected":false},"author":29,"featured_media":5113,"comment_status":"closed","ping_status":"closed","sticky":false,"template":"","format":"standard","meta":{"footnotes":""},"categories":[4],"tags":[28,243,252],"class_list":["post-5112","post","type-post","status-publish","format-standard","has-post-thumbnail","hentry","category-coluna-brasilia-df","tag-bolsonaro","tag-coronavirus","tag-osmar-terra"],"_links":{"self":[{"href":"https:\/\/blogs.correiobraziliense.com.br\/denise\/wp-json\/wp\/v2\/posts\/5112","targetHints":{"allow":["GET"]}}],"collection":[{"href":"https:\/\/blogs.correiobraziliense.com.br\/denise\/wp-json\/wp\/v2\/posts"}],"about":[{"href":"https:\/\/blogs.correiobraziliense.com.br\/denise\/wp-json\/wp\/v2\/types\/post"}],"author":[{"embeddable":true,"href":"https:\/\/blogs.correiobraziliense.com.br\/denise\/wp-json\/wp\/v2\/users\/29"}],"replies":[{"embeddable":true,"href":"https:\/\/blogs.correiobraziliense.com.br\/denise\/wp-json\/wp\/v2\/comments?post=5112"}],"version-history":[{"count":2,"href":"https:\/\/blogs.correiobraziliense.com.br\/denise\/wp-json\/wp\/v2\/posts\/5112\/revisions"}],"predecessor-version":[{"id":5115,"href":"https:\/\/blogs.correiobraziliense.com.br\/denise\/wp-json\/wp\/v2\/posts\/5112\/revisions\/5115"}],"wp:featuredmedia":[{"embeddable":true,"href":"https:\/\/blogs.correiobraziliense.com.br\/denise\/wp-json\/wp\/v2\/media\/5113"}],"wp:attachment":[{"href":"https:\/\/blogs.correiobraziliense.com.br\/denise\/wp-json\/wp\/v2\/media?parent=5112"}],"wp:term":[{"taxonomy":"category","embeddable":true,"href":"https:\/\/blogs.correiobraziliense.com.br\/denise\/wp-json\/wp\/v2\/categories?post=5112"},{"taxonomy":"post_tag","embeddable":true,"href":"https:\/\/blogs.correiobraziliense.com.br\/denise\/wp-json\/wp\/v2\/tags?post=5112"}],"curies":[{"name":"wp","href":"https:\/\/api.w.org\/{rel}","templated":true}]}}