{"id":5094,"date":"2020-03-31T07:59:19","date_gmt":"2020-03-31T10:59:19","guid":{"rendered":"https:\/\/blogs.correiobraziliense.com.br\/denise\/?p=5094"},"modified":"2020-03-31T08:14:57","modified_gmt":"2020-03-31T11:14:57","slug":"planalto-tenta-conter-os-danos-de-imagem-na-crise-do-coronavirus","status":"publish","type":"post","link":"https:\/\/blogs.correiobraziliense.com.br\/denise\/planalto-tenta-conter-os-danos-de-imagem-na-crise-do-coronavirus\/","title":{"rendered":"Planalto tenta conter os danos de imagem na crise do coronav\u00edrus"},"content":{"rendered":"<h6>Coluna Bras\u00edlia-DF<\/h6>\n<p>Ao levar as coletivas do Minist\u00e9rio da Sa\u00fade para o Planalto, como parte do gabinete de crise, Jair Bolsonaro adota uma estrat\u00e9gia para evitar a leitura de que a equipe do ministro Luiz Henrique Mandetta \u00e9 algo estanque, descolado do governo. Ali\u00e1s, foi aconselhado a adotar esse modelo para tentar amenizar o impacto negativo n\u00e3o s\u00f3 do passeio de domingo, mas tamb\u00e9m das declara\u00e7\u00f5es da manh\u00e3, em que novamente defendeu que todos voltem ao trabalho, num momento em que at\u00e9 Donald Trump se rende \u00e0 necessidade de isolamento. Veremos at\u00e9 quando isso vai durar. O presidente quer os louros do trabalho desenvolvido pelo Minist\u00e9rio da Sa\u00fade, mas quer dist\u00e2ncia do \u00f4nus econ\u00f4mico das suas recomenda\u00e7\u00f5es, de distanciamento social.<\/p>\n<p>Aliados t\u00eam dito que Bolsonaro n\u00e3o se convenceu da gravidade da crise. Primeiro, houve a defesa de uma campanha institucional para que o Brasil voltasse ao trabalho. N\u00e3o deu certo. Depois, o rascunho de um decreto para determinar o retorno imediato \u00e0s atividades em todo o pa\u00eds. N\u00e3o funcionou. A contar pela disposi\u00e7\u00e3o dele, algo mais vir\u00e1. O Brasil vive a cada dia a sua afli\u00e7\u00e3o.<\/p>\n<h2><strong>Ministros por Mandetta<\/strong><\/h2>\n<p>N\u00e3o s\u00e3o poucos os ministros que t\u00eam apelado a Bolsonaro para refluir nas declara\u00e7\u00f5es dissonantes com as de Mandetta. O que o ministro da Economia, Paulo Guedes, fala de p\u00fablico, a favor do isolamento, \u00e9 voz corrente no primeiro escal\u00e3o do governo.<\/p>\n<h2><strong>A terceira onda<\/strong><\/h2>\n<p>As declara\u00e7\u00f5es de Bolsonaro s\u00f3 ser\u00e3o tratadas de forma mais contundente no Parlamento, quando o pa\u00eds estiver em condi\u00e7\u00f5es de voltar \u00e0 normalidade. Em outras palavras, o Brasil seguir\u00e1 com crise pol\u00edtica em altos e baixos. Ningu\u00e9m tomar\u00e1 qualquer atitude, at\u00e9 que se resolvam as quest\u00f5es de sa\u00fade, e as medidas econ\u00f4micas tenham alguma resposta a fim de melhorar a vida das pessoas.<\/p>\n<h2><strong>Est\u00e1 assim I<\/strong><\/h2>\n<p>Em Londrina (PR), um empres\u00e1rio de 55 anos, que passou a inf\u00e2ncia e a adolesc\u00eancia em Bras\u00edlia, come\u00e7ou a sentir dores pelo corpo em 18 de mar\u00e7o. Em 20 de mar\u00e7o, febre alta e dor de cabe\u00e7a. Procurou a emerg\u00eancia de um hospital privado tr\u00eas dias depois. Foi mandado de volta para casa, sem teste para coronav\u00edrus e qualquer cuidado especial. Preocupado e ainda passando mal, voltou ao hospital dia 25. A\u00ed sim, o tratamento foi diverso. Uma tomografia detectou les\u00f5es nos pulm\u00f5es e, ent\u00e3o, foi internado e houve coleta de material para o teste. Ontem, 29 de mar\u00e7o, recebeu o resultado: Covid-19.<\/p>\n<h2><strong>Est\u00e1 assim II<\/strong><\/h2>\n<p>Esse empres\u00e1rio continua internado. Conta ainda que tem um passado atl\u00e9tico em piscina, alimenta\u00e7\u00e3o saud\u00e1vel, n\u00e3o fuma, n\u00e3o bebe, n\u00e3o tem hipertens\u00e3o, diabetes, ou qualquer outro fator de risco. Agora, seu quadro cl\u00ednico come\u00e7a a melhorar. \u201cO v\u00edrus \u00e9 violento\u201d, avisa.<\/p>\n<h2><strong>Militares e o meio-termo de Villas Boas<\/strong><\/h2>\n<p>Integrantes da c\u00fapula das For\u00e7as Armadas cobraram de Bolsonaro uma postura mais afinada com o Minist\u00e9rio da Sa\u00fade. Da\u00ed o motivo da nota do ex-comandante do Ex\u00e9rcito, general Villas Boas, que critica a\u00e7\u00f5es extremadas, delimita o centro como ponto de equil\u00edbrio e, por tabela, sai em defesa do presidente. Divulgada, ontem, nas redes sociais, coloca Bolsonaro como bem intencionado. A leitura da pol\u00edtica \u00e9 a de que a caserna age para tentar conter o presidente e a crise pol\u00edtica.<\/p>\n<p><strong>Continha\/<\/strong> Dia desses, o senador Fl\u00e1vio Bolsonaro (Republicanos-RJ) reclamou de um juiz que suspendeu a carreata do \u201cBrasil n\u00e3o pode parar\u201d, referindo-se a um cidad\u00e3o contra 57 milh\u00f5es \u2013\u2013 o n\u00famero de votos que seu pai angariou no segundo turno. O problema \u00e9 que, desses milh\u00f5es, h\u00e1 muitos que defendem o confinamento e n\u00e3o votaram a favor de Bolsonaro, e sim contra o PT.<\/p>\n<p><strong>Sem exemplos para citar\/<\/strong> O fato de o primeiro-ministro de Israel, Benjamin Netanyahu, adotar o autoisolamento depois que um de seus assessores testou positivo para o novo coronav\u00edrus, foi mais um baque nas atitudes de Bolsonaro, que, com v\u00e1rios colaboradores com resultado positivo, continua nas ruas.<\/p>\n<p><strong>Dif\u00edcil, mas deve rolar\/<\/strong> A C\u00e2mara fez ontem testes para sess\u00f5es virtuais. S\u00f3 tem um probleminha: com 513 deputados, vai ser complicado definir a ordem de uso dos microfones \u2013\u2013 e por a\u00ed vai.<\/p>\n<p><strong>Enquanto isso, na constru\u00e7\u00e3o civil&#8230;\/<\/strong> Obras de funda\u00e7\u00e3o de um edif\u00edcio na regi\u00e3o do Park Sul continuavam ontem a pleno vapor.<\/p>\n","protected":false},"excerpt":{"rendered":"<p>Coluna Bras\u00edlia-DF Ao levar as coletivas do Minist\u00e9rio da Sa\u00fade para o Planalto, como parte do gabinete de crise, Jair Bolsonaro adota uma estrat\u00e9gia para evitar a leitura de que a equipe do ministro Luiz Henrique Mandetta \u00e9 algo estanque, descolado do governo. Ali\u00e1s, foi aconselhado a adotar esse modelo para tentar amenizar o impacto negativo n\u00e3o s\u00f3 do passeio [&hellip;]<\/p>\n","protected":false},"author":29,"featured_media":5097,"comment_status":"closed","ping_status":"closed","sticky":false,"template":"","format":"standard","meta":{"footnotes":""},"categories":[4],"tags":[28,243,271,156],"class_list":["post-5094","post","type-post","status-publish","format-standard","has-post-thumbnail","hentry","category-coluna-brasilia-df","tag-bolsonaro","tag-coronavirus","tag-covid-19","tag-mandetta"],"_links":{"self":[{"href":"https:\/\/blogs.correiobraziliense.com.br\/denise\/wp-json\/wp\/v2\/posts\/5094","targetHints":{"allow":["GET"]}}],"collection":[{"href":"https:\/\/blogs.correiobraziliense.com.br\/denise\/wp-json\/wp\/v2\/posts"}],"about":[{"href":"https:\/\/blogs.correiobraziliense.com.br\/denise\/wp-json\/wp\/v2\/types\/post"}],"author":[{"embeddable":true,"href":"https:\/\/blogs.correiobraziliense.com.br\/denise\/wp-json\/wp\/v2\/users\/29"}],"replies":[{"embeddable":true,"href":"https:\/\/blogs.correiobraziliense.com.br\/denise\/wp-json\/wp\/v2\/comments?post=5094"}],"version-history":[{"count":2,"href":"https:\/\/blogs.correiobraziliense.com.br\/denise\/wp-json\/wp\/v2\/posts\/5094\/revisions"}],"predecessor-version":[{"id":5098,"href":"https:\/\/blogs.correiobraziliense.com.br\/denise\/wp-json\/wp\/v2\/posts\/5094\/revisions\/5098"}],"wp:featuredmedia":[{"embeddable":true,"href":"https:\/\/blogs.correiobraziliense.com.br\/denise\/wp-json\/wp\/v2\/media\/5097"}],"wp:attachment":[{"href":"https:\/\/blogs.correiobraziliense.com.br\/denise\/wp-json\/wp\/v2\/media?parent=5094"}],"wp:term":[{"taxonomy":"category","embeddable":true,"href":"https:\/\/blogs.correiobraziliense.com.br\/denise\/wp-json\/wp\/v2\/categories?post=5094"},{"taxonomy":"post_tag","embeddable":true,"href":"https:\/\/blogs.correiobraziliense.com.br\/denise\/wp-json\/wp\/v2\/tags?post=5094"}],"curies":[{"name":"wp","href":"https:\/\/api.w.org\/{rel}","templated":true}]}}