{"id":5062,"date":"2020-03-26T07:57:48","date_gmt":"2020-03-26T10:57:48","guid":{"rendered":"https:\/\/blogs.correiobraziliense.com.br\/denise\/?p=5062"},"modified":"2020-03-26T07:57:48","modified_gmt":"2020-03-26T10:57:48","slug":"se-bolsonaro-nao-agir-para-conter-crise-sera-tratado-como-a-rainha-da-inglaterra","status":"publish","type":"post","link":"https:\/\/blogs.correiobraziliense.com.br\/denise\/se-bolsonaro-nao-agir-para-conter-crise-sera-tratado-como-a-rainha-da-inglaterra\/","title":{"rendered":"Se Bolsonaro n\u00e3o agir para conter crise, ser\u00e1 tratado como a &#8220;rainha da Inglaterra&#8221;"},"content":{"rendered":"<h6><strong>Coluna Bras\u00edlia-DF<\/strong><\/h6>\n<p>A carta dos 26 governadores propondo medidas econ\u00f4micas, chamando o governo federal, leia-se, o presidente Jair Bolsonaro, a liderar o processo de combate ao coronav\u00edrus, e a quebra do sil\u00eancio do vice-presidente Hamilton Mour\u00e3o, s\u00e3o tratados nos bastidores do poder como um alerta: ou o presidente sai da linha de confronto, e senta-se \u00e0 mesa para um trabalho sereno, a fim de sair da crise da sa\u00fade e buscar solu\u00e7\u00f5es para a economia, ou ser\u00e1 tratado por todos como a \u201crainha da Inglaterra\u201d, isolada no Castelo de Windsor.<\/p>\n<p>A avalia\u00e7\u00e3o geral \u00e9 a de que o presidente adota esse discurso mais agressivo aos estados para n\u00e3o se contaminar com a crise econ\u00f4mica inexor\u00e1vel, <a href=\"https:\/\/blogs.correiobraziliense.com.br\/denise\/bolsonaro-quer-se-eximir-de-culpa-da-crise-economica-e-jogar-tudo-no-colo-dos-adversarios\/\">deixando tudo no colo dos governadores<\/a> \u2013\u2013 que adotaram a quarentena recomendada pela Organiza\u00e7\u00e3o Mundial de Sa\u00fade (OMS), a fim de evitar que o crescimento r\u00e1pido do n\u00famero de casos leve a um colapso dos servi\u00e7os de sa\u00fade. Ocorre que, como disse Mour\u00e3o, a primeira onda \u00e9 a da sa\u00fade. A segunda, a da economia. Logo, para surfar na segunda, \u00e9 preciso passar pela primeira que, em um m\u00eas, registrou 2.433 casos, com 57 mortes.<\/p>\n<h2>\n<strong>Militares com Mour\u00e3o<\/strong><\/h2>\n<p>Os generais que apoiaram a elei\u00e7\u00e3o de Bolsonaro, de corpo e alma, hoje est\u00e3o mais afinados com Mour\u00e3o. Nas redes de generais, o vice \u00e9 altamente elogiado.<\/p>\n<h2><strong>Abin de olho no coronav\u00edrus<\/strong><\/h2>\n<p>A Ag\u00eancia Brasileira de Intelig\u00eancia tem feito relat\u00f3rios, quase que di\u00e1rios, a respeito da evolu\u00e7\u00e3o da Covid-19 no Brasil, de olho nas curvas dos outros pa\u00edses. Um dos cen\u00e1rios indica que a situa\u00e7\u00e3o por aqui segue o que ocorreu na Fran\u00e7a e na Alemanha. Os franceses j\u00e1 est\u00e3o em confinamento. Os alem\u00e3es est\u00e3o com tr\u00eas estados em lockdown. Bares e restaurantes abertos apenas para servi\u00e7o de entrega e todos os estabelecimentos que tenham contato corporal fechados.<\/p>\n<h2><strong>Se \u00e9 \u201cgripezinha\u201d&#8230;<\/strong><\/h2>\n<p>N\u00e3o \u00e9 caso de calamidade p\u00fablica. J\u00e1 tem gente dizendo que, se o presidente insistir nessa tese, ter\u00e1 que pedir revis\u00e3o do decreto.<\/p>\n<h2><strong>DEM buscar\u00e1 outro caminho<\/strong><\/h2>\n<p>A sa\u00edda do governador de Goi\u00e1s, Ronaldo Caiado, da base de Bolsonaro, afasta quase que por completo o Democratas do atual governo. Os ministros do partido \u2013\u2013 Luiz Henrique Mandetta (Sa\u00fade), Teresa Cristina (Agricultura) e Onyx Lorenzoni (Cidadania) \u2013\u2013 est\u00e3o por conta pr\u00f3pria.<\/p>\n<h2><strong>Fixa\u00e7\u00e3o eleitoral<\/strong><\/h2>\n<p>Na reuni\u00e3o dos governadores do Sudeste com Bolsonaro, o \u00fanico a quem ele respondia a qualquer interven\u00e7\u00e3o era o de S\u00e3o Paulo, Jo\u00e3o D\u00f3ria. Deixou claro que v\u00ea no paulistano um rival para o futuro.<\/p>\n<p><strong>Corrida do bem\/<\/strong> A C\u00e2mara aprovou uma s\u00e9rie de projetos para aliviar a situa\u00e7\u00e3o dos mais vulner\u00e1veis, enquanto o governo federal faz uma s\u00e9rie de reuni\u00f5es para anunciar novas medidas para prote\u00e7\u00e3o dos mais vulner\u00e1veis.<\/p>\n<p><strong>Padrinho\/<\/strong> Ronaldo Caiado foi um dos maiores entusiastas da ida de Mandetta para o Minist\u00e9rio da Sa\u00fade. Ou seja, se Bolsonaro, em algum momento, resolver substitu\u00ed-lo, n\u00e3o faltar\u00e3o governadores para abrig\u00e1-lo na equipe.<\/p>\n<p><strong>Chama o Meirelles\/<\/strong> O secret\u00e1rio de Fazenda de S\u00e3o Paulo, Henrique Meirelles, voltou a ser o sonho de consumo do mercado para o lugar de Paulo Guedes. Em especial, depois da postura serena que demonstrou nos \u00faltimos dias.<\/p>\n<p><strong>Nem pensar\/<\/strong> Bolsonaro n\u00e3o pensa em chamar ningu\u00e9m que trabalhe no governo de S\u00e3o Paulo para atuar em seu governo. Se houver qualquer mudan\u00e7a, ser\u00e1 caseira.<\/p>\n","protected":false},"excerpt":{"rendered":"<p>Coluna Bras\u00edlia-DF A carta dos 26 governadores propondo medidas econ\u00f4micas, chamando o governo federal, leia-se, o presidente Jair Bolsonaro, a liderar o processo de combate ao coronav\u00edrus, e a quebra do sil\u00eancio do vice-presidente Hamilton Mour\u00e3o, s\u00e3o tratados nos bastidores do poder como um alerta: ou o presidente sai da linha de confronto, e senta-se \u00e0 mesa para um trabalho [&hellip;]<\/p>\n","protected":false},"author":29,"featured_media":4987,"comment_status":"closed","ping_status":"closed","sticky":false,"template":"","format":"standard","meta":{"footnotes":""},"categories":[4],"tags":[28,243,250,50],"class_list":["post-5062","post","type-post","status-publish","format-standard","has-post-thumbnail","hentry","category-coluna-brasilia-df","tag-bolsonaro","tag-coronavirus","tag-governadores","tag-hamilton-mourao"],"_links":{"self":[{"href":"https:\/\/blogs.correiobraziliense.com.br\/denise\/wp-json\/wp\/v2\/posts\/5062","targetHints":{"allow":["GET"]}}],"collection":[{"href":"https:\/\/blogs.correiobraziliense.com.br\/denise\/wp-json\/wp\/v2\/posts"}],"about":[{"href":"https:\/\/blogs.correiobraziliense.com.br\/denise\/wp-json\/wp\/v2\/types\/post"}],"author":[{"embeddable":true,"href":"https:\/\/blogs.correiobraziliense.com.br\/denise\/wp-json\/wp\/v2\/users\/29"}],"replies":[{"embeddable":true,"href":"https:\/\/blogs.correiobraziliense.com.br\/denise\/wp-json\/wp\/v2\/comments?post=5062"}],"version-history":[{"count":1,"href":"https:\/\/blogs.correiobraziliense.com.br\/denise\/wp-json\/wp\/v2\/posts\/5062\/revisions"}],"predecessor-version":[{"id":5063,"href":"https:\/\/blogs.correiobraziliense.com.br\/denise\/wp-json\/wp\/v2\/posts\/5062\/revisions\/5063"}],"wp:featuredmedia":[{"embeddable":true,"href":"https:\/\/blogs.correiobraziliense.com.br\/denise\/wp-json\/wp\/v2\/media\/4987"}],"wp:attachment":[{"href":"https:\/\/blogs.correiobraziliense.com.br\/denise\/wp-json\/wp\/v2\/media?parent=5062"}],"wp:term":[{"taxonomy":"category","embeddable":true,"href":"https:\/\/blogs.correiobraziliense.com.br\/denise\/wp-json\/wp\/v2\/categories?post=5062"},{"taxonomy":"post_tag","embeddable":true,"href":"https:\/\/blogs.correiobraziliense.com.br\/denise\/wp-json\/wp\/v2\/tags?post=5062"}],"curies":[{"name":"wp","href":"https:\/\/api.w.org\/{rel}","templated":true}]}}