{"id":5056,"date":"2020-03-25T08:27:52","date_gmt":"2020-03-25T11:27:52","guid":{"rendered":"https:\/\/blogs.correiobraziliense.com.br\/denise\/?p=5056"},"modified":"2020-03-25T08:27:52","modified_gmt":"2020-03-25T11:27:52","slug":"comentarios-negativos-fazem-bolsonaro-mudar-estrategia-de-comunicacao","status":"publish","type":"post","link":"https:\/\/blogs.correiobraziliense.com.br\/denise\/comentarios-negativos-fazem-bolsonaro-mudar-estrategia-de-comunicacao\/","title":{"rendered":"Coment\u00e1rios negativos fazem Bolsonaro mudar estrat\u00e9gia de comunica\u00e7\u00e3o"},"content":{"rendered":"<h6>Coluna Bras\u00edlia-DF<\/h6>\n<p>A estrat\u00e9gia de comunica\u00e7\u00e3o direta do governo, via redes sociais, e as entrevistas na porta do Pal\u00e1cio da Alvorada devem ser substitu\u00eddas por notas oficiais. A ordem \u00e9 evitar que o presidente fique exposto. A avalia\u00e7\u00e3o \u00e9 de que, toda as vezes que ele se irrita com perguntas de jornalistas, fica pior.<\/p>\n<h2>\n<strong>Ali \u00e9 que mora o perigo<\/strong><\/h2>\n<p>Tem incomodado aos palacianos o fato de os an\u00fancios nas redes sociais serem seguidos de uma onda de coment\u00e1rios negativos. O pior momento foi a decis\u00e3o de suspens\u00e3o dos sal\u00e1rios, revogada em seguida. Bolsonaro n\u00e3o quer repetir aquela dose de ataques que recebeu nas redes. O problema \u00e9 que, diante da pandemia, com os pa\u00edses tomando medidas de quarentena no mundo, o presidente est\u00e1 a cada dia mais isolado.<\/p>\n","protected":false},"excerpt":{"rendered":"<p>Coluna Bras\u00edlia-DF A estrat\u00e9gia de comunica\u00e7\u00e3o direta do governo, via redes sociais, e as entrevistas na porta do Pal\u00e1cio da Alvorada devem ser substitu\u00eddas por notas oficiais. A ordem \u00e9 evitar que o presidente fique exposto. A avalia\u00e7\u00e3o \u00e9 de que, toda as vezes que ele se irrita com perguntas de jornalistas, fica pior. Ali \u00e9 que mora o perigo [&hellip;]<\/p>\n","protected":false},"author":29,"featured_media":5058,"comment_status":"closed","ping_status":"closed","sticky":false,"template":"","format":"standard","meta":{"footnotes":""},"categories":[4],"tags":[28,288],"class_list":["post-5056","post","type-post","status-publish","format-standard","has-post-thumbnail","hentry","category-coluna-brasilia-df","tag-bolsonaro","tag-comunicacao"],"_links":{"self":[{"href":"https:\/\/blogs.correiobraziliense.com.br\/denise\/wp-json\/wp\/v2\/posts\/5056","targetHints":{"allow":["GET"]}}],"collection":[{"href":"https:\/\/blogs.correiobraziliense.com.br\/denise\/wp-json\/wp\/v2\/posts"}],"about":[{"href":"https:\/\/blogs.correiobraziliense.com.br\/denise\/wp-json\/wp\/v2\/types\/post"}],"author":[{"embeddable":true,"href":"https:\/\/blogs.correiobraziliense.com.br\/denise\/wp-json\/wp\/v2\/users\/29"}],"replies":[{"embeddable":true,"href":"https:\/\/blogs.correiobraziliense.com.br\/denise\/wp-json\/wp\/v2\/comments?post=5056"}],"version-history":[{"count":1,"href":"https:\/\/blogs.correiobraziliense.com.br\/denise\/wp-json\/wp\/v2\/posts\/5056\/revisions"}],"predecessor-version":[{"id":5059,"href":"https:\/\/blogs.correiobraziliense.com.br\/denise\/wp-json\/wp\/v2\/posts\/5056\/revisions\/5059"}],"wp:featuredmedia":[{"embeddable":true,"href":"https:\/\/blogs.correiobraziliense.com.br\/denise\/wp-json\/wp\/v2\/media\/5058"}],"wp:attachment":[{"href":"https:\/\/blogs.correiobraziliense.com.br\/denise\/wp-json\/wp\/v2\/media?parent=5056"}],"wp:term":[{"taxonomy":"category","embeddable":true,"href":"https:\/\/blogs.correiobraziliense.com.br\/denise\/wp-json\/wp\/v2\/categories?post=5056"},{"taxonomy":"post_tag","embeddable":true,"href":"https:\/\/blogs.correiobraziliense.com.br\/denise\/wp-json\/wp\/v2\/tags?post=5056"}],"curies":[{"name":"wp","href":"https:\/\/api.w.org\/{rel}","templated":true}]}}