{"id":5055,"date":"2020-03-25T08:21:52","date_gmt":"2020-03-25T11:21:52","guid":{"rendered":"https:\/\/blogs.correiobraziliense.com.br\/denise\/?p=5055"},"modified":"2020-03-25T08:21:52","modified_gmt":"2020-03-25T11:21:52","slug":"projeto-de-privatizacao-de-guedes-vai-para-a-gaveta","status":"publish","type":"post","link":"https:\/\/blogs.correiobraziliense.com.br\/denise\/projeto-de-privatizacao-de-guedes-vai-para-a-gaveta\/","title":{"rendered":"Projeto de privatiza\u00e7\u00e3o de Guedes vai para a gaveta"},"content":{"rendered":"<h6><strong>Coluna Bras\u00edlia-DF<\/strong><\/h6>\n<p>Enquanto o governo fecha as medidas econ\u00f4micas necess\u00e1rias para atravessar a pandemia, a avalia\u00e7\u00e3o, tanto do mercado quanto dos congressistas, \u00e9 de que a agenda de reformas e de privatiza\u00e7\u00f5es propostas pela equipe econ\u00f4mica ficar\u00e1 para, talvez, 2021. Essas s\u00e3o as estimativas mais otimistas. \u00c9 que, diante da crise global, com cada pa\u00eds tratando de levantar sua pr\u00f3pria economia, ser\u00e1 mais dif\u00edcil levar adiante uma pauta de privatiza\u00e7\u00f5es, sob pena de vender ativos a pre\u00e7o de banana.<\/p>\n<p>Foi esse novo cen\u00e1rio \u2013\u2013 e n\u00e3o apenas a medida de suspens\u00e3o dos sal\u00e1rios \u2013\u2013 que levou o ministro da Economia, Paulo Guedes, para a marca do p\u00eanalti no papel da bola. O coronav\u00edrus atropelou as reformas tribut\u00e1ria e administrativa, que, a partir de agora, ter\u00e3o que ser revistas dentro de um quadro de maior aten\u00e7\u00e3o social, desemprego e n\u00e3o de economia dos gastos governamentais. Se ele n\u00e3o for capaz de entender que o projeto precisar\u00e1 sofrer mudan\u00e7as dr\u00e1sticas, Bolsonaro ter\u00e1 que mudar o ministro.<\/p>\n<h2>\n<strong>A ordem dos fatores<\/strong><\/h2>\n<p>Ao deixar os governadores do Sudeste por \u00faltimo, na s\u00e9rie de encontros virtuais com os governos estaduais, e fazer o pronunciamento justamente na v\u00e9spera da videoconfer\u00eancia em que ficar\u00e1 frente a frente na telinha com Jo\u00e3o D\u00f3ria, de S\u00e3o Paulo, e Wilson Witzel, do Rio de Janeiro, <a href=\"https:\/\/blogs.correiobraziliense.com.br\/denise\/pronunciamento-de-bolsonaro-armadilha-para-cancelar-reuniao-com-governadores-do-se\/\">Bolsonaro passou a muitos a ideia de que agiu deliberadamente para que eles o criticassem e dessem um motivo para cancelar a reuni\u00e3o de hoje<\/a>. A ver.<\/p>\n<h2><strong>A bolsa de apostas p\u00f5e Mandetta na roda<\/strong><\/h2>\n<p>O pronunciamento do presidente deixou em muitos pol\u00edticos a impress\u00e3o que o maior conselheiro dele \u00e9 agora o ex-ministro da Cidadania Osmar Terra, deputado pelo MDB do Rio Grande do Sul. Bolsonaro praticamente repetiu o que disse o deputado ao CB.Poder, na segunda-feira.<\/p>\n<h2>\n<strong>O medo dos gestores<\/strong><\/h2>\n<p>Os pre\u00e7os elevados cobrados no mercado internacional, para os equipamentos de sa\u00fade, tem feito com que os respons\u00e1veis pelas compras governamentais pisem no freio na hora de adquirir produtos \u00e0s pressas l\u00e1 fora. O receio \u00e9 que, quando a pandemia passar, o respons\u00e1vel fique \u201cpendurado\u201d no Minist\u00e9rio P\u00fablico. A op\u00e7\u00e3o \u00e9 comprar por aqui mesmo. Assim, al\u00e9m de preservar empregos, o governo consegue negociar na mesma moeda e n\u00e3o se endividar ainda mais em d\u00f3lares.<\/p>\n<p><strong>Eles est\u00e3o cansando\/<\/strong> O pronunciamento de Bolsonaro, ontem, pegou de surpresa at\u00e9 seus apoiadores. Se com todas as medidas o n\u00famero de casos subir, e houver um colapso no sistema de sa\u00fade, o presidente ser\u00e1 responsabilizado.<\/p>\n<p><strong>Mour\u00e3o na encolha\/<\/strong> O vice-presidente Hamilton Mour\u00e3o tem ficado mais quieto do que nunca.<\/p>\n<p><strong>Depois n\u00e3o digam que n\u00e3o avisei\/<\/strong> Auxiliares tentaram pedir ao presidente que fizesse o pronunciamento outro dia, que evitasse pol\u00eamica e coisa e tal. Ele n\u00e3o quis. H\u00e1 quem diga que Bolsonaro est\u00e1 morando em\u2026 Plut\u00e3o.<\/p>\n<p><strong>T\u00e1 assim de fake news\/<\/strong> Nas redes sociais de WhatsApp nas quais os mais aguerridos apoiadores do presidente postam todos os dias, h\u00e1 uma estrat\u00e9gia deliberada de desacreditar a imprensa, na mesma linha da que o presidente afirmou ontem. H\u00e1, inclusive, o uso de uma foto em que o cinegrafista aparece com roupas normais e o rep\u00f3rter todo paramentado como m\u00e9dico de UTI. A montagem da foto \u00e9 vis\u00edvel a olho nu.<\/p>\n","protected":false},"excerpt":{"rendered":"<p>Coluna Bras\u00edlia-DF Enquanto o governo fecha as medidas econ\u00f4micas necess\u00e1rias para atravessar a pandemia, a avalia\u00e7\u00e3o, tanto do mercado quanto dos congressistas, \u00e9 de que a agenda de reformas e de privatiza\u00e7\u00f5es propostas pela equipe econ\u00f4mica ficar\u00e1 para, talvez, 2021. Essas s\u00e3o as estimativas mais otimistas. \u00c9 que, diante da crise global, com cada pa\u00eds tratando de levantar sua pr\u00f3pria [&hellip;]<\/p>\n","protected":false},"author":29,"featured_media":4856,"comment_status":"closed","ping_status":"closed","sticky":false,"template":"","format":"standard","meta":{"footnotes":""},"categories":[4],"tags":[49,287],"class_list":["post-5055","post","type-post","status-publish","format-standard","has-post-thumbnail","hentry","category-coluna-brasilia-df","tag-paulo-guedes","tag-privatizacao"],"_links":{"self":[{"href":"https:\/\/blogs.correiobraziliense.com.br\/denise\/wp-json\/wp\/v2\/posts\/5055","targetHints":{"allow":["GET"]}}],"collection":[{"href":"https:\/\/blogs.correiobraziliense.com.br\/denise\/wp-json\/wp\/v2\/posts"}],"about":[{"href":"https:\/\/blogs.correiobraziliense.com.br\/denise\/wp-json\/wp\/v2\/types\/post"}],"author":[{"embeddable":true,"href":"https:\/\/blogs.correiobraziliense.com.br\/denise\/wp-json\/wp\/v2\/users\/29"}],"replies":[{"embeddable":true,"href":"https:\/\/blogs.correiobraziliense.com.br\/denise\/wp-json\/wp\/v2\/comments?post=5055"}],"version-history":[{"count":1,"href":"https:\/\/blogs.correiobraziliense.com.br\/denise\/wp-json\/wp\/v2\/posts\/5055\/revisions"}],"predecessor-version":[{"id":5057,"href":"https:\/\/blogs.correiobraziliense.com.br\/denise\/wp-json\/wp\/v2\/posts\/5055\/revisions\/5057"}],"wp:featuredmedia":[{"embeddable":true,"href":"https:\/\/blogs.correiobraziliense.com.br\/denise\/wp-json\/wp\/v2\/media\/4856"}],"wp:attachment":[{"href":"https:\/\/blogs.correiobraziliense.com.br\/denise\/wp-json\/wp\/v2\/media?parent=5055"}],"wp:term":[{"taxonomy":"category","embeddable":true,"href":"https:\/\/blogs.correiobraziliense.com.br\/denise\/wp-json\/wp\/v2\/categories?post=5055"},{"taxonomy":"post_tag","embeddable":true,"href":"https:\/\/blogs.correiobraziliense.com.br\/denise\/wp-json\/wp\/v2\/tags?post=5055"}],"curies":[{"name":"wp","href":"https:\/\/api.w.org\/{rel}","templated":true}]}}