{"id":5041,"date":"2020-03-24T08:23:56","date_gmt":"2020-03-24T11:23:56","guid":{"rendered":"https:\/\/blogs.correiobraziliense.com.br\/denise\/?p=5041"},"modified":"2020-03-24T08:23:56","modified_gmt":"2020-03-24T11:23:56","slug":"ministros-do-stf-preocupados-com-a-forma-que-bolsonaro-gerencia-crise-do-coronavirus","status":"publish","type":"post","link":"https:\/\/blogs.correiobraziliense.com.br\/denise\/ministros-do-stf-preocupados-com-a-forma-que-bolsonaro-gerencia-crise-do-coronavirus\/","title":{"rendered":"Ministros do STF preocupados com a forma que Bolsonaro gerencia crise do coronav\u00edrus"},"content":{"rendered":"<h6><strong>Coluna Bras\u00edlia-DF<\/strong><\/h6>\n<p>Ministros do Supremo Tribunal Federal est\u00e3o cada vez mais preocupados com a forma do presidente Jair Bolsonaro de gerenciar a crise do coronav\u00edrus. A avalia\u00e7\u00e3o na Corte \u00e9 a de que o presidente tem feito uma sucess\u00e3o de erros jur\u00eddicos em medidas provis\u00f3rias e decretos. H\u00e1 tr\u00eas semanas, os ministros t\u00eam se desdobrado em reuni\u00f5es com C\u00e2mara e Senado e Tribunal de Contas da Uni\u00e3o para tentar evitar a judicializa\u00e7\u00e3o da crise. Por\u00e9m, agora, n\u00e3o t\u00eam mais tanta certeza de que isso ser\u00e1 poss\u00edvel. A decis\u00e3o do ministro Marco Aur\u00e9lio, que suspende cortes no Bolsa Fam\u00edlia, foi vista como um recado ao Executivo de que deve agir com racionalidade, e n\u00e3o com vi\u00e9s ideol\u00f3gico para proteger a popula\u00e7\u00e3o de perdas econ\u00f4micas e sociais.<\/p>\n<h2>\n<strong>Guedes sai da foto, Onyx entra<\/strong><\/h2>\n<p>Todos os minist\u00e9rios estavam com seus titulares na entrevista do Planalto, menos o da Economia. \u00c9 que sobrou para o ministro Paulo Guedes tentar aplacar a f\u00faria do presidente Jair Bolsonaro com a repercuss\u00e3o negativa da desastrada medida de permitir a suspens\u00e3o de sal\u00e1rios por quatro meses, sem, em contrapartida, garantir o sustento dos trabalhadores para enfrentar esse per\u00edodo que o mundo atravessa.<\/p>\n<h2>\n<strong>Problema de DNA<\/strong><\/h2>\n<p>Politicamente, h\u00e1 um descompasso entre uma equipe cuja cabe\u00e7a \u00e9 voltada para o ajuste fiscal e uma sociedade que, al\u00e9m da pandemia, caminha para o desemprego, com muitos servi\u00e7os paralisados, e empres\u00e1rios preocupados com o futuro de seus neg\u00f3cios. O presidente, dizem alguns, se deixou levar pelo &#8220;Luciano da Havan&#8221; e n\u00e3o teve nenhum contato com os sindicatos de trabalhadores para contrapor \u00e0 solu\u00e7\u00e3o empresarial.<\/p>\n<h2>\n<strong>Passagem de bast\u00e3o<\/strong><\/h2>\n<p>A ordem agora no Planalto \u00e9 resolver esse problema com outra medida que n\u00e3o seja o corte salarial por completo neste momento. E colocar mais os ministros da \u00e1rea social, como o da Cidadania, Onyx Lorenzoni, na vitrine. Ontem, foi Luiz Henrique Mandetta como personagem central.<\/p>\n<h2>\n<strong>A bandeira \u00e9 de todos I<\/strong><\/h2>\n<p>Passou despercebido por muitos, mas n\u00e3o pelos pol\u00edticos, o apelo do governador de S\u00e3o Paulo, Jo\u00e3o Doria, pedindo aos paulistanos que colocassem bandeiras do Brasil e faixas verde-amarelas nas janelas. Doria justificou o gesto como \u201cum ato de solidariedade\u201d \u00e0queles que precisam ficar nas ruas trabalhando para conter a pandemia de coronav\u00edrus.<\/p>\n<h2>\n<strong>A bandeira \u00e9 de todos II<\/strong><\/h2>\n<p>Doria fez quest\u00e3o de ressaltar que seu pedido n\u00e3o era um ato pol\u00edtico, mas a classe come\u00e7a a ver a\u00ed um movimento que surge tamb\u00e9m nas redes sociais, de tirar dos bolsonaristas a ideia de que guardam o monop\u00f3lio na utiliza\u00e7\u00e3o da bandeira.<\/p>\n<p><strong>Mandetta, o jeitoso\/<\/strong> O ministro da Sa\u00fade, Luiz Henrique Mandetta, tem tomado todo cuidado em<br \/>\nn\u00e3o ferir susceptibilidades no cora\u00e7\u00e3o do Planalto. A todo o momento, diz \u201csob a coordena\u00e7\u00e3o do presidente Bolsonaro&#8230;\u201d<\/p>\n<p><strong>Por falar em Mandetta&#8230;<\/strong>\/Muita gente estranhou o fato de, desta vez, o presidente da Rep\u00fablica aparecer sem m\u00e1scara depois do uso da prote\u00e7\u00e3o nas entrevistas anteriores. H\u00e1 quem suspeite que esteja a\u00ed preparando o discurso para dizer que n\u00e3o \u00e9 t\u00e3o grave assim.<\/p>\n<p><strong>Tem gordura para queimar\/<\/strong> A fala do presidente da C\u00e2mara, Rodrigo Maia (DEM-RJ), de que os parlamentares podem sofrer cortes de sal\u00e1rios, deixou muita gente desconfiada. Isso porque as excel\u00eancias, al\u00e9m dos proventos, t\u00eam as vultosas verbas de gabinete. Como a maioria est\u00e1 em quarentena em casa, pelo menos a maior parte dessa verba poderia ser destinada ao combate ao coronav\u00edrus. O senador Reguffe (Podemos-DF), por exemplo, j\u00e1 fez isso.<\/p>\n<p><strong>Por falar em Maia&#8230;\/<\/strong> N\u00e3o tem nada que mais irrite o presidente Jair Bolsonaro do que parecer que ele est\u00e1 cedendo alguma coisa a Rodrigo Maia ou \u00e0 press\u00e3o da m\u00eddia. No caso da suspens\u00e3o do pagamento de sal\u00e1rios, n\u00e3o deu. \u00c9 que, al\u00e9m de Maia, a press\u00e3o foi geral.<\/p>\n<p>&nbsp;<\/p>\n<p><em>Colaborou Renato Souza<\/em><\/p>\n","protected":false},"excerpt":{"rendered":"<p>Coluna Bras\u00edlia-DF Ministros do Supremo Tribunal Federal est\u00e3o cada vez mais preocupados com a forma do presidente Jair Bolsonaro de gerenciar a crise do coronav\u00edrus. A avalia\u00e7\u00e3o na Corte \u00e9 a de que o presidente tem feito uma sucess\u00e3o de erros jur\u00eddicos em medidas provis\u00f3rias e decretos. H\u00e1 tr\u00eas semanas, os ministros t\u00eam se desdobrado em reuni\u00f5es com C\u00e2mara e [&hellip;]<\/p>\n","protected":false},"author":29,"featured_media":5042,"comment_status":"closed","ping_status":"closed","sticky":false,"template":"","format":"standard","meta":{"footnotes":""},"categories":[4],"tags":[28,243,271,34],"class_list":["post-5041","post","type-post","status-publish","format-standard","has-post-thumbnail","hentry","category-coluna-brasilia-df","tag-bolsonaro","tag-coronavirus","tag-covid-19","tag-stf"],"_links":{"self":[{"href":"https:\/\/blogs.correiobraziliense.com.br\/denise\/wp-json\/wp\/v2\/posts\/5041","targetHints":{"allow":["GET"]}}],"collection":[{"href":"https:\/\/blogs.correiobraziliense.com.br\/denise\/wp-json\/wp\/v2\/posts"}],"about":[{"href":"https:\/\/blogs.correiobraziliense.com.br\/denise\/wp-json\/wp\/v2\/types\/post"}],"author":[{"embeddable":true,"href":"https:\/\/blogs.correiobraziliense.com.br\/denise\/wp-json\/wp\/v2\/users\/29"}],"replies":[{"embeddable":true,"href":"https:\/\/blogs.correiobraziliense.com.br\/denise\/wp-json\/wp\/v2\/comments?post=5041"}],"version-history":[{"count":1,"href":"https:\/\/blogs.correiobraziliense.com.br\/denise\/wp-json\/wp\/v2\/posts\/5041\/revisions"}],"predecessor-version":[{"id":5043,"href":"https:\/\/blogs.correiobraziliense.com.br\/denise\/wp-json\/wp\/v2\/posts\/5041\/revisions\/5043"}],"wp:featuredmedia":[{"embeddable":true,"href":"https:\/\/blogs.correiobraziliense.com.br\/denise\/wp-json\/wp\/v2\/media\/5042"}],"wp:attachment":[{"href":"https:\/\/blogs.correiobraziliense.com.br\/denise\/wp-json\/wp\/v2\/media?parent=5041"}],"wp:term":[{"taxonomy":"category","embeddable":true,"href":"https:\/\/blogs.correiobraziliense.com.br\/denise\/wp-json\/wp\/v2\/categories?post=5041"},{"taxonomy":"post_tag","embeddable":true,"href":"https:\/\/blogs.correiobraziliense.com.br\/denise\/wp-json\/wp\/v2\/tags?post=5041"}],"curies":[{"name":"wp","href":"https:\/\/api.w.org\/{rel}","templated":true}]}}