{"id":5032,"date":"2020-03-22T10:38:40","date_gmt":"2020-03-22T13:38:40","guid":{"rendered":"https:\/\/blogs.correiobraziliense.com.br\/denise\/?p=5032"},"modified":"2020-03-22T10:38:40","modified_gmt":"2020-03-22T13:38:40","slug":"coronavirus-sem-receber-ajuda-do-governo-federal-governadores-trocarao-experiencias","status":"publish","type":"post","link":"https:\/\/blogs.correiobraziliense.com.br\/denise\/coronavirus-sem-receber-ajuda-do-governo-federal-governadores-trocarao-experiencias\/","title":{"rendered":"Coronav\u00edrus: sem receber ajuda do Governo Federal, governadores trocar\u00e3o experi\u00eancias"},"content":{"rendered":"<h6><strong>Coluna Bras\u00edlia-DF<\/strong><\/h6>\n<p>Os sete governadores do Sul e Sudeste se re\u00fanem amanh\u00e3 por videoconfer\u00eancia para trocar experi\u00eancias e tentar resolver conjuntamente o combate ao coronav\u00edrus e como enfrentar as dificuldades de relacionamento com o presidente Jair Bolsonaro, que at\u00e9 agora n\u00e3o chamou os governos estaduais para uma a\u00e7\u00e3o conjunta e nacional de combate \u00e0 pandemia. Outras regi\u00f5es devem seguir por esse caminho.<\/p>\n<p>A maioria concorda com a avalia\u00e7\u00e3o do governador de S\u00e3o Paulo, Jo\u00e3o Doria, de que a coordena\u00e7\u00e3o nacional n\u00e3o est\u00e1 funcionando, porque eles se veem obrigados a procurar minist\u00e9rio por minist\u00e9rio e h\u00e1 problemas que s\u00e3o interministeriais e seria mais f\u00e1cil de resolver se houvesse uma coordena\u00e7\u00e3o nacional, a cargo do presidente da Rep\u00fablica, em linha direta com os governadores, em especial, daqueles estados onde h\u00e1 mais casos, como Rio e S\u00e3o Paulo.<\/p>\n<p>\u00bb \u00bb \u00bb<\/p>\n<p>Um dos gargalos, por exemplo, \u00e9 agilidade na compra de material m\u00e9dico, em especial, da China. Ontem, por exemplo, um importador conseguiu apenas 300 respiradores e a experi\u00eancia dele diz que os governadores n\u00e3o conseguir\u00e3o agilizar sozinhos essas compras. Ou a \u00e1rea de com\u00e9rcio exterior do governo federal, ou o pr\u00f3prio presidente, entra em campo nessa seara e pede ajuda, ou as dificuldades permanecem.<\/p>\n<h2>\n<strong>As consequ\u00eancias&#8230;<\/strong><\/h2>\n<p>Os chineses replicaram, em suas redes internas, a cr\u00edtica do deputado Eduardo Bolsonaro \u00e0 China e tamb\u00e9m a nota do Itamaraty semana passada sobre o epis\u00f3dio do parlamentar dando um \u201cpito\u201d no embaixador chin\u00eas. O resultado \u00e9 que, diante da procura mundial por produtos m\u00e9dicos, os empres\u00e1rios daquele pa\u00eds est\u00e3o dando prioridade aos amigos.<\/p>\n<h2>\n<strong>\u2026 v\u00eam depois<\/strong><\/h2>\n<p>Quem tem agilidade para libera\u00e7\u00e3o de recursos e compra em cash tamb\u00e9m leva vantagem na hora da compra. Caso por exemplo, do Ex\u00e9rcito Americano, que, conforme a coluna publicou ontem em primeira m\u00e3o, comprou 10 milh\u00f5es de kits para testes r\u00e1pidos de detec\u00e7\u00e3o do coronav\u00edrus.<\/p>\n<h2>\n<strong>Prega\u00e7\u00e3o no deserto<\/strong><\/h2>\n<p>Amigos do presidente Jair Bolsonaro tentam convenc\u00ea-lo a, mesmo tarde, mudar a nota divulgada pelo ministro Ernesto Ara\u00fajo no caso do incidente com a China, para amortecer o mal-estar gerado a partir de um tu\u00edte de Eduardo Bolsonaro. At\u00e9 aqui, n\u00e3o funcionou.<\/p>\n<h2>\n<strong><em>CURTIDAS<\/em><\/strong><\/h2>\n<p><strong>Na guerra, transforma\/<\/strong> A Associa\u00e7\u00e3o Nacional de Ve\u00edculos Automotores (Anfavea) n\u00e3o foi procurada, mas j\u00e1 tem gente pensando em sugerir que as f\u00e1bricas de autom\u00f3veis voltem a colocar a m\u00e3o na massa para produzir UTIs m\u00f3veis.<\/p>\n<p><strong>Ele n\u00e3o deixa de ter raz\u00e3o\/<\/strong> \u201cO mundo vive hoje sua verdadeira Primeira Grande Guerra Mundial. Jap\u00e3o, China, Estados Unidos, Inglaterra, Alemanha, Ir\u00e3, enfim, todos, contra o inimigo invis\u00edvel\u201d, diz Jos\u00e9 M\u00facio Monteiro (foto), presidente do Tribunal de Contas da Uni\u00e3o.<\/p>\n<p><strong>O futuro dir\u00e1 quem est\u00e1 certo\/<\/strong> O ex-ministro da Cidadania Osmar Terra trocou impress\u00f5es com m\u00e9dicos ga\u00fachos e viralizou nas redes. Ele diz: \u201cN\u00e3o concordo com a previs\u00e3o do Mandetta (de que o n\u00famero de casos diagnosticados vai regredir l\u00e1 para os idos de agosto). Acho que regride em abril\u201d. Ele, por\u00e9m, ressalta que os contaminados ser\u00e3o dezenas de milh\u00f5es e \u00e9 isso que, na opini\u00e3o dele, far\u00e1 regredir a epidemia.<\/p>\n<p><strong>Fez bem\/<\/strong> O fato de o presidente Jair Bolsonaro n\u00e3o ter feito a prometida festa de anivers\u00e1rio foi bem recebido pelos seus apoiadores que estavam incomodados com as atitudes presidenciais. O momento \u00e9 de trabalho.<\/p>\n","protected":false},"excerpt":{"rendered":"<p>Coluna Bras\u00edlia-DF Os sete governadores do Sul e Sudeste se re\u00fanem amanh\u00e3 por videoconfer\u00eancia para trocar experi\u00eancias e tentar resolver conjuntamente o combate ao coronav\u00edrus e como enfrentar as dificuldades de relacionamento com o presidente Jair Bolsonaro, que at\u00e9 agora n\u00e3o chamou os governos estaduais para uma a\u00e7\u00e3o conjunta e nacional de combate \u00e0 pandemia. Outras regi\u00f5es devem seguir por [&hellip;]<\/p>\n","protected":false},"author":29,"featured_media":5033,"comment_status":"closed","ping_status":"closed","sticky":false,"template":"","format":"standard","meta":{"footnotes":""},"categories":[4],"tags":[243,250],"class_list":["post-5032","post","type-post","status-publish","format-standard","has-post-thumbnail","hentry","category-coluna-brasilia-df","tag-coronavirus","tag-governadores"],"_links":{"self":[{"href":"https:\/\/blogs.correiobraziliense.com.br\/denise\/wp-json\/wp\/v2\/posts\/5032","targetHints":{"allow":["GET"]}}],"collection":[{"href":"https:\/\/blogs.correiobraziliense.com.br\/denise\/wp-json\/wp\/v2\/posts"}],"about":[{"href":"https:\/\/blogs.correiobraziliense.com.br\/denise\/wp-json\/wp\/v2\/types\/post"}],"author":[{"embeddable":true,"href":"https:\/\/blogs.correiobraziliense.com.br\/denise\/wp-json\/wp\/v2\/users\/29"}],"replies":[{"embeddable":true,"href":"https:\/\/blogs.correiobraziliense.com.br\/denise\/wp-json\/wp\/v2\/comments?post=5032"}],"version-history":[{"count":1,"href":"https:\/\/blogs.correiobraziliense.com.br\/denise\/wp-json\/wp\/v2\/posts\/5032\/revisions"}],"predecessor-version":[{"id":5034,"href":"https:\/\/blogs.correiobraziliense.com.br\/denise\/wp-json\/wp\/v2\/posts\/5032\/revisions\/5034"}],"wp:featuredmedia":[{"embeddable":true,"href":"https:\/\/blogs.correiobraziliense.com.br\/denise\/wp-json\/wp\/v2\/media\/5033"}],"wp:attachment":[{"href":"https:\/\/blogs.correiobraziliense.com.br\/denise\/wp-json\/wp\/v2\/media?parent=5032"}],"wp:term":[{"taxonomy":"category","embeddable":true,"href":"https:\/\/blogs.correiobraziliense.com.br\/denise\/wp-json\/wp\/v2\/categories?post=5032"},{"taxonomy":"post_tag","embeddable":true,"href":"https:\/\/blogs.correiobraziliense.com.br\/denise\/wp-json\/wp\/v2\/tags?post=5032"}],"curies":[{"name":"wp","href":"https:\/\/api.w.org\/{rel}","templated":true}]}}