{"id":4993,"date":"2020-03-19T08:01:56","date_gmt":"2020-03-19T11:01:56","guid":{"rendered":"https:\/\/blogs.correiobraziliense.com.br\/denise\/?p=4993"},"modified":"2020-03-19T08:01:56","modified_gmt":"2020-03-19T11:01:56","slug":"para-congressistas-nao-e-hora-de-impeachment-e-hora-de-trabalho","status":"publish","type":"post","link":"https:\/\/blogs.correiobraziliense.com.br\/denise\/para-congressistas-nao-e-hora-de-impeachment-e-hora-de-trabalho\/","title":{"rendered":"Para congressistas n\u00e3o \u00e9 hora de impeachment, \u00e9 hora de trabalho"},"content":{"rendered":"<h2><strong>Coluna Bras\u00edlia-DF<\/strong><\/h2>\n<p>Esse \u00e9 o esp\u00edrito dos congressistas, mas sem cenas de \u201camor\u201d para com o presidente da Rep\u00fablica. A avalia\u00e7\u00e3o dos l\u00edderes partid\u00e1rios que, inclusive, levou Rodrigo Maia a recusar a participa\u00e7\u00e3o na reuni\u00e3o com Jair Bolsonaro \u00e9 de que n\u00e3o d\u00e1 para \u201cpassar a m\u00e3o na cabe\u00e7a presidencial\u201d, depois de o Planalto levar quase 15 dias se esquivando de uma crise de sa\u00fade p\u00fablica grave. Agora, \u00e9 trabalhar nas solu\u00e7\u00f5es a serem enviadas pelo governo, sem dar palco para o capit\u00e3o aparecer bem na foto. Por\u00e9m, nenhum l\u00edder vai tocar pedidos de impedimento de Bolsonaro ou tentar surfar neste momento grav\u00edssimo definido pelo pr\u00f3prio ministro da Defesa, Fernando Azevedo, como uma situa\u00e7\u00e3o de guerra.<\/p>\n<h2>\n<strong>Eles j\u00e1 calculavam a explos\u00e3o&#8230;<\/strong><\/h2>\n<p>Em 7 de mar\u00e7o, o fim de semana depois do carnaval, as informa\u00e7\u00f5es na \u00e1rea da Sa\u00fade, <a href=\"https:\/\/blogs.correiobraziliense.com.br\/denise\/pousos-internacionais-devem-aumentar-casos-de-coronavirus-no-brasil\/\">conforme publicou esta coluna<\/a>, eram de que o n\u00famero de casos aumentaria exponencialmente, dada a quantidade de voos da Europa para o Brasil no per\u00edodo pr\u00e9-carnaval. No Planalto, entretanto, a a\u00e7\u00e3o demorou a ocorrer, uma vez que a gest\u00e3o se mostrava mais focada em outros temas.<\/p>\n<h2>\n<strong>\u2026 mas a a\u00e7\u00e3o demorou<\/strong><\/h2>\n<p>Agora, depois de perder um tempo precioso em manifesta\u00e7\u00f5es, e em n\u00e3o querer alarmar a popula\u00e7\u00e3o para segurar a economia, o presidente Jair Bolsonaro entra atrasado e vai tentar recuperar o tempo perdido. Segue o ditado \u201cantes tarde do que nunca\u201d e torce para fazer valer o \u201ctardo, mas n\u00e3o falho\u201d. Ter\u00e1 de combinar com o povo, que, agora, percebeu a gravidade do que est\u00e1 por vir.<\/p>\n<h2>\n<strong>Onyx anuncia medidas<\/strong><\/h2>\n<p>Ausente na coletiva do presidente Jair Bolsonaro, o ministro da Cidadania, Onyx Lorenzoni, anunciar\u00e1, hoje, um conjunto de medidas para os idosos e os mais vulner\u00e1veis, al\u00e9m do que j\u00e1 foi dito ontem por Paulo Guedes na coletiva. \u201cVamos atender idosos do BPC (Benef\u00edcio de Presta\u00e7\u00e3o Continuada), Bolsa Fam\u00edlia e informais. Aten\u00e7\u00e3o e prote\u00e7\u00e3o total\u201d, disse o ministro \u00e0 coluna.<\/p>\n<h2>\n<strong>Term\u00f4metro I<\/strong><\/h2>\n<p>Em outubro de 2018, moradores de condom\u00ednios de luxo de Bras\u00edlia vibraram e comemoraram a elei\u00e7\u00e3o do presidente Jair Bolsonaro com fogos de artif\u00edcio e muitos \u201cfora, ladr\u00f5es\u201d. Ontem, nesses mesmos condom\u00ednios, o panela\u00e7o foi o do \u201cfora, Bolsonaro\u201d. Houve tamb\u00e9m panela\u00e7o a favor, segundo moradores isentos, mais sonoro que o primeiro.<\/p>\n<h2>\n<strong>Term\u00f4metro II<\/strong><\/h2>\n<p>Na SQS 108, assim como nos bairros nobres do Rio de Janeiro e de S\u00e3o Paulo, onde Bolsonaro ganhou de lavada em 2018, o \u201cfora\u201d predominou. A ira da popula\u00e7\u00e3o registrada nos panela\u00e7os foi detectada tamb\u00e9m por quem faz medi\u00e7\u00f5es de redes sociais. Sinal de que a coletiva do presidente n\u00e3o foi suficiente para reverter a situa\u00e7\u00e3o. Se Bolsonaro vai se recuperar, s\u00f3 o futuro dir\u00e1.<\/p>\n<h2>\n<em><strong>CURTIDAS<\/strong><\/em><\/h2>\n<p><strong>Segure os seus pit bulls\/<\/strong> A forma como o senador Fl\u00e1vio Bolsonaro (foto) se referiu ao presidente da C\u00e2mara, Rodrigo Maia, pesou na recusa do deputado em posar para foto numa reuni\u00e3o com o presidente Jair Bolsonaro. Fl\u00e1vio foi \u00e0s redes dizer que o deputado queria ser presidente do Brasil e amea\u00e7ava a democracia com ataques contra o Executivo. Quem atacou o Congresso foram os manifestantes de 15 de mar\u00e7o.<\/p>\n<p><strong>Mandetta, o novo queridinho do Brasil\/<\/strong> Depois da live de quinta-feira, ao lado do presidente Jair Bolsonaro, foi o ministro da Sa\u00fade, Luiz Henrique Mandetta, quem puxou as reuni\u00f5es e pontes com outros Poderes, Congresso, Supremo Tribunal Federal, Procuradoria-Geral da Rep\u00fablica e Tribunal de Contas da Uni\u00e3o (TCU).<\/p>\n<p><strong>e da pol\u00edtica\/<\/strong> O ministro ganhou nos meios pol\u00edticos e empresariais a tarja \u201cse sair, piora\u201d, que hoje acompanham o cart\u00e3o de visitas de Paulo Guedes e S\u00e9rgio Moro.<\/p>\n<p><strong>Por falar em Guedes\/<\/strong> O mercado em pleno ataque de nervos com a economia derretendo come\u00e7ou a entoar o \u201cchama o Meirelles\u201d. Do Planalto, entretanto, vem a sensa\u00e7\u00e3o de que Bolsonaro jamais pedir\u00e1 algu\u00e9m que trabalhou com Michel Temer no comando da economia e hoje \u00e9 secret\u00e1rio de Fazenda do Estado de S\u00e3o Paulo, comandado por Jo\u00e3o Doria.<\/p>\n<p><strong>Prepare-se\/<\/strong> A confirmar-se as not\u00edcias de que o aumento de casos continuar\u00e1 exponencial, o per\u00edodo de perman\u00eancia em casa ser\u00e1 prolongado. Pode esperar.<\/p>\n","protected":false},"excerpt":{"rendered":"<p>Coluna Bras\u00edlia-DF Esse \u00e9 o esp\u00edrito dos congressistas, mas sem cenas de \u201camor\u201d para com o presidente da Rep\u00fablica. A avalia\u00e7\u00e3o dos l\u00edderes partid\u00e1rios que, inclusive, levou Rodrigo Maia a recusar a participa\u00e7\u00e3o na reuni\u00e3o com Jair Bolsonaro \u00e9 de que n\u00e3o d\u00e1 para \u201cpassar a m\u00e3o na cabe\u00e7a presidencial\u201d, depois de o Planalto levar quase 15 dias se esquivando [&hellip;]<\/p>\n","protected":false},"author":29,"featured_media":4994,"comment_status":"closed","ping_status":"closed","sticky":false,"template":"","format":"standard","meta":{"footnotes":""},"categories":[4],"tags":[28,64,280,271,6,51],"class_list":["post-4993","post","type-post","status-publish","format-standard","has-post-thumbnail","hentry","category-coluna-brasilia-df","tag-bolsonaro","tag-congresso","tag-coronavpirus","tag-covid-19","tag-impeachment","tag-rodrigo-maia"],"_links":{"self":[{"href":"https:\/\/blogs.correiobraziliense.com.br\/denise\/wp-json\/wp\/v2\/posts\/4993","targetHints":{"allow":["GET"]}}],"collection":[{"href":"https:\/\/blogs.correiobraziliense.com.br\/denise\/wp-json\/wp\/v2\/posts"}],"about":[{"href":"https:\/\/blogs.correiobraziliense.com.br\/denise\/wp-json\/wp\/v2\/types\/post"}],"author":[{"embeddable":true,"href":"https:\/\/blogs.correiobraziliense.com.br\/denise\/wp-json\/wp\/v2\/users\/29"}],"replies":[{"embeddable":true,"href":"https:\/\/blogs.correiobraziliense.com.br\/denise\/wp-json\/wp\/v2\/comments?post=4993"}],"version-history":[{"count":1,"href":"https:\/\/blogs.correiobraziliense.com.br\/denise\/wp-json\/wp\/v2\/posts\/4993\/revisions"}],"predecessor-version":[{"id":4995,"href":"https:\/\/blogs.correiobraziliense.com.br\/denise\/wp-json\/wp\/v2\/posts\/4993\/revisions\/4995"}],"wp:featuredmedia":[{"embeddable":true,"href":"https:\/\/blogs.correiobraziliense.com.br\/denise\/wp-json\/wp\/v2\/media\/4994"}],"wp:attachment":[{"href":"https:\/\/blogs.correiobraziliense.com.br\/denise\/wp-json\/wp\/v2\/media?parent=4993"}],"wp:term":[{"taxonomy":"category","embeddable":true,"href":"https:\/\/blogs.correiobraziliense.com.br\/denise\/wp-json\/wp\/v2\/categories?post=4993"},{"taxonomy":"post_tag","embeddable":true,"href":"https:\/\/blogs.correiobraziliense.com.br\/denise\/wp-json\/wp\/v2\/tags?post=4993"}],"curies":[{"name":"wp","href":"https:\/\/api.w.org\/{rel}","templated":true}]}}