{"id":4986,"date":"2020-03-18T07:48:07","date_gmt":"2020-03-18T10:48:07","guid":{"rendered":"https:\/\/blogs.correiobraziliense.com.br\/denise\/?p=4986"},"modified":"2020-03-18T07:48:07","modified_gmt":"2020-03-18T10:48:07","slug":"coronavirus-ministros-e-assessores-trabalharam-para-conter-bolsonaro","status":"publish","type":"post","link":"https:\/\/blogs.correiobraziliense.com.br\/denise\/coronavirus-ministros-e-assessores-trabalharam-para-conter-bolsonaro\/","title":{"rendered":"Coronav\u00edrus: Ministros e assessores trabalharam para conter Bolsonaro"},"content":{"rendered":"<h2><strong>Coluna Bras\u00edlia-DF<\/strong><\/h2>\n<p>O presidente Jair Bolsonaro come\u00e7ou a ter\u00e7a-feira chamando as recomenda\u00e7\u00f5es para conter o coronav\u00edrus de \u201chisteria\u201d,<a href=\"https:\/\/www.correiobraziliense.com.br\/app\/noticia\/politica\/2020\/03\/17\/interna_politica,834840\/bolsonaro-histeria-sobre-coronavirus-e-diz-que-dara-festa.shtml\"> criticando os governadores que agem com rigor para tentar manter as pessoas em casa, anunciando uma festa de anivers\u00e1rio<\/a>. Terminou pedindo a decreta\u00e7\u00e3o de <a href=\"https:\/\/www.correiobraziliense.com.br\/app\/noticia\/politica\/2020\/03\/18\/interna_politica,834938\/governo-pede-ao-congresso-a-decretacao-de-calamidade-publica-entenda.shtml\">calamidade p\u00fablica<\/a>, uni\u00e3o nacional, falando, inclusive, em reuni\u00e3o com o presidente da C\u00e2mara, Rodrigo Maia; do Senado, Davi Alcolumbre; do Supremo Tribunal Federal, Dias Toffoli. Personagens atacados nas manifesta\u00e7\u00f5es de domingo, aquela que contou com a participa\u00e7\u00e3o de Bolsonaro distribuindo apertos de m\u00e3o, em desacordo com a orienta\u00e7\u00e3o de seu pr\u00f3prio ministro da Sa\u00fade, Luiz Henrique Mandetta.<\/p>\n<p>A mudan\u00e7a da atitude presidencial foi trabalho que come\u00e7ou com amigos, assessores e alguns pol\u00edticos que, com muito jeito e habilidade, disseram a Bolsonaro que ele precisava liderar essa crise de uma maneira diferente daquela demonstrada no domingo. O que funcionou, entretanto, foi a mudan\u00e7a de clima nas redes sociais. As cr\u00edticas ao comportamento presidencial diante do v\u00edrus, esse inimigo pouco conhecido, levaram Bolsonaro a passar o dia colocando nas redes as a\u00e7\u00f5es do governo para conter a Covid-19. Resta saber se ele continuar\u00e1 nesse caminho, ou, daqui a alguns dias, acionado pelos radicais, voltar\u00e1 ao est\u00e1gio anterior. A ordem, no momento, \u00e9 recuperar apoiadores.<\/p>\n<h2>\n<strong>A realidade bate \u00e0 porta<\/strong><\/h2>\n<p>A conclus\u00e3o do secret\u00e1rio da Receita, Mansueto Almeida, de que, diante da crise que ainda est\u00e1 por vir, o governo ter\u00e1 que desistir das metas fiscais em 2020 foi o que levou o presidente Jair Bolsonaro a optar pela decreta\u00e7\u00e3o de calamidade p\u00fablica. Agora, falta combinar com o Congresso, em especial com Davi Alcolumbre e Rodrigo Maia, que, at\u00e9 aqui, \u00e9 visto como um inimigo pelos bolsonaristas.<\/p>\n<h2>\n<strong>Por falar em Maia&#8230;<\/strong><\/h2>\n<p>Na noite de segunda-feira, o presidente da C\u00e2mara reuniu os l\u00edderes e a palavra \u201ccalamidade\u201d chegou a ser utilizada por alguns dos presentes. Dos mais simp\u00e1ticos ao governo at\u00e9 os oposicionistas, ningu\u00e9m apostava nas rusgas pol\u00edticas. Tirou-se dali somente declara\u00e7\u00f5es de que era preciso trabalhar para que a crise n\u00e3o se agrave.<\/p>\n<h2>\n<strong>Gestores garantidos<\/strong><\/h2>\n<p>O presidente do Supremo Tribunal Federal, Dias Toffoli, prepara em conjunto com a Advocacia Geral da Uni\u00e3o, Procuradoria Geral da Rep\u00fablica, Controladoria Geral da Uni\u00e3o (CGU) e Tribunal de Contas da Uni\u00e3o um protocolo para evitar que gestores p\u00fablicos da \u00e1rea de sa\u00fade sejam processados por compras r\u00e1pidas a fim de atender a popula\u00e7\u00e3o. A proposta ser\u00e1 fechada hoje.<\/p>\n<h2>\n<strong>Incerteza eleitoral<\/strong><\/h2>\n<p>Com a Covid-19 na avenida, ningu\u00e9m vai arriscar entrar em disputa pol\u00edtica mais ferrenha nesse momento. A ordem \u00e9 esperar a crise passar e s\u00f3 tratar de elei\u00e7\u00e3o quando a curva de casos se inverter. Resta saber se as excel\u00eancias v\u00e3o se segurar at\u00e9 l\u00e1, uma vez que a previs\u00e3o, se tudo correr bem, \u00e9 l\u00e1 para o final de maio.<\/p>\n<p><strong>Trilha 03\/\/<\/strong> O deputado Eduardo Bolsonaro (PSL-SP) foi \u00e0s redes refor\u00e7ar as a\u00e7\u00f5es adotadas pelo governo. N\u00e3o \u00e9 hora de briga pol\u00edtica com gente morrendo pelo coronav\u00edrus,<\/p>\n<p><strong>Trilha 01\/\/<\/strong> J\u00e1 o senador Fl\u00e1vio Bolsonaro foi para as redes criticar Rodrigo Maia, dizer que o TSE deveria declarar se Maia havia sido eleito presidente do Brasil, que o deputado provocava instabilidade pol\u00edtica, dificultava investimentos e gera\u00e7\u00e3o de emprego.<\/p>\n<p><strong>N\u00e3o colou\/\/<\/strong> O senador, dizem at\u00e9 ministros do governo, errou feio ao tecer esse coment\u00e1rio. Afinal, quem foi a manifesta\u00e7\u00f5es contra o Congresso e o Supremo Tribunal Federal, apostando no consenso e desrespeitando orienta\u00e7\u00f5es para conter o coronav\u00edrus, foi o presidente da Rep\u00fablica.<\/p>\n<p><strong>Faz sentido\/\/<\/strong> O deputado Daniel Freitas (PSL-SC),<a href=\"https:\/\/blogs.correiobraziliense.com.br\/denise\/mais-um-integrante-da-comitiva-de-bolsonaro-esta-com-coronavirus\/\"> mais um integrante da comitiva de Jair Bolsonaro a ter o teste positivo para o coronav\u00edrus<\/a>, sugere que se adie o prazo de filia\u00e7\u00e3o partid\u00e1ria que se encerra no in\u00edcio de abril. No meio dessa pandemia, \u00e9 imposs\u00edvel fazer reuni\u00f5es pol\u00edticas com muitos apoiadores e festas de filia\u00e7\u00f5es. O momento \u00e9 de recolhimento.<\/p>\n","protected":false},"excerpt":{"rendered":"<p>Coluna Bras\u00edlia-DF O presidente Jair Bolsonaro come\u00e7ou a ter\u00e7a-feira chamando as recomenda\u00e7\u00f5es para conter o coronav\u00edrus de \u201chisteria\u201d, criticando os governadores que agem com rigor para tentar manter as pessoas em casa, anunciando uma festa de anivers\u00e1rio. Terminou pedindo a decreta\u00e7\u00e3o de calamidade p\u00fablica, uni\u00e3o nacional, falando, inclusive, em reuni\u00e3o com o presidente da C\u00e2mara, Rodrigo Maia; do Senado, Davi [&hellip;]<\/p>\n","protected":false},"author":29,"featured_media":4987,"comment_status":"closed","ping_status":"closed","sticky":false,"template":"","format":"standard","meta":{"footnotes":""},"categories":[4],"tags":[28,243],"class_list":["post-4986","post","type-post","status-publish","format-standard","has-post-thumbnail","hentry","category-coluna-brasilia-df","tag-bolsonaro","tag-coronavirus"],"_links":{"self":[{"href":"https:\/\/blogs.correiobraziliense.com.br\/denise\/wp-json\/wp\/v2\/posts\/4986","targetHints":{"allow":["GET"]}}],"collection":[{"href":"https:\/\/blogs.correiobraziliense.com.br\/denise\/wp-json\/wp\/v2\/posts"}],"about":[{"href":"https:\/\/blogs.correiobraziliense.com.br\/denise\/wp-json\/wp\/v2\/types\/post"}],"author":[{"embeddable":true,"href":"https:\/\/blogs.correiobraziliense.com.br\/denise\/wp-json\/wp\/v2\/users\/29"}],"replies":[{"embeddable":true,"href":"https:\/\/blogs.correiobraziliense.com.br\/denise\/wp-json\/wp\/v2\/comments?post=4986"}],"version-history":[{"count":1,"href":"https:\/\/blogs.correiobraziliense.com.br\/denise\/wp-json\/wp\/v2\/posts\/4986\/revisions"}],"predecessor-version":[{"id":4988,"href":"https:\/\/blogs.correiobraziliense.com.br\/denise\/wp-json\/wp\/v2\/posts\/4986\/revisions\/4988"}],"wp:featuredmedia":[{"embeddable":true,"href":"https:\/\/blogs.correiobraziliense.com.br\/denise\/wp-json\/wp\/v2\/media\/4987"}],"wp:attachment":[{"href":"https:\/\/blogs.correiobraziliense.com.br\/denise\/wp-json\/wp\/v2\/media?parent=4986"}],"wp:term":[{"taxonomy":"category","embeddable":true,"href":"https:\/\/blogs.correiobraziliense.com.br\/denise\/wp-json\/wp\/v2\/categories?post=4986"},{"taxonomy":"post_tag","embeddable":true,"href":"https:\/\/blogs.correiobraziliense.com.br\/denise\/wp-json\/wp\/v2\/tags?post=4986"}],"curies":[{"name":"wp","href":"https:\/\/api.w.org\/{rel}","templated":true}]}}