{"id":4974,"date":"2020-03-17T08:06:48","date_gmt":"2020-03-17T11:06:48","guid":{"rendered":"https:\/\/blogs.correiobraziliense.com.br\/denise\/?p=4974"},"modified":"2020-03-17T08:06:48","modified_gmt":"2020-03-17T11:06:48","slug":"bolsonaro-sai-do-grupo-de-divulgacao-das-acoes-contra-o-coronavirus","status":"publish","type":"post","link":"https:\/\/blogs.correiobraziliense.com.br\/denise\/bolsonaro-sai-do-grupo-de-divulgacao-das-acoes-contra-o-coronavirus\/","title":{"rendered":"Bolsonaro sai do grupo de divulga\u00e7\u00e3o das a\u00e7\u00f5es contra o coronav\u00edrus"},"content":{"rendered":"<h6><strong>Coluna Bras\u00edlia-DF<\/strong><\/h6>\n<p>Nos Estados Unidos e na Fran\u00e7a, coube aos respectivos presidentes, Donald Trump e Emmanuel Macron, proferirem as mensagens de incentivo \u00e0 popula\u00e7\u00e3o para atravessar esse per\u00edodo tenso e doloroso causado pela Covid-19. No Brasil, quem deu o recado do governo em rela\u00e7\u00e3o a medidas a serem adotadas foi o ministro da Economia, Paulo Guedes. Internamente, h\u00e1 quem diga que, depois da presen\u00e7a do presidente Jair Bolsonaro na manifesta\u00e7\u00e3o de domingo, \u00e9 Guedes quem assume agora o comando da divulga\u00e7\u00e3o das a\u00e7\u00f5es governamentais e pede uni\u00e3o. Resta saber quanto tempo durar\u00e1.<\/p>\n<p>Em tempo: at\u00e9 dentro do governo, a sensa\u00e7\u00e3o \u00e9 a de que houve um exagero do presidente Jair Bolsonaro ao promover selfies e apertos de m\u00e3os com seus apoiadores no domingo. Especialmente, depois de ter aparecido numa live nas redes sociais tr\u00eas dias antes, de m\u00e1scara e pedindo aos internautas que repensassem as manifesta\u00e7\u00f5es do dia 15. A atitude domingueira, entretanto, tirou de Bolsonaro o papel de liderar os apelos de uni\u00e3o nacional e de ser exemplo a ser seguido pela popula\u00e7\u00e3o em geral. Da\u00ed, o fato de deixar para o ministro Paulo Guedes e para o da Sa\u00fade, Luiz Henrique Mandetta, as inje\u00e7\u00f5es de \u00e2nimo na popula\u00e7\u00e3o. Por\u00e9m, a participa\u00e7\u00e3o na reuni\u00e3o da Economia e na de ministros no Planalto foi a forma a mostrar que, apesar da sua posi\u00e7\u00e3o, o presidente est\u00e1 de olho nos reflexos do coronav\u00edrus.<\/p>\n<h2><strong>Na chantagem n\u00e3o vai<\/strong><\/h2>\n<p>O ultimato do ministro Paulo Guedes para que o Congresso aprove logo a privatiza\u00e7\u00e3o da Eletrobras n\u00e3o surtir\u00e1 efeito. Isso porque os congressistas est\u00e3o convencidos de que, nesse clima de a\u00e7\u00f5es em queda, n\u00e3o \u00e9 hora de vender nada.<\/p>\n<h2><strong>Olha a\u00ed, presidente!<\/strong><\/h2>\n<p>O alerta em rela\u00e7\u00e3o \u00e0 necessidade de repensar a venda da Eletrobras neste momento casa inclusive com a teoria da conspira\u00e7\u00e3o \u2014 a qual muitos no entorno presidencial acreditam \u2014 de que toda a crise do coronav\u00edrus foi inventada pela China para comprar empresas e petr\u00f3leo barato. Aprovar a venda da Eletrobras agora ser\u00e1 permitir que os chineses comprem a empresa a pre\u00e7o de banana.<\/p>\n<h2><strong>#ficamandetta<\/strong><\/h2>\n<p>A forma como o presidente Jair Bolsonaro agiu em frente ao Planalto no domingo levou muitos a dizer que o ministro da Sa\u00fade, Luiz Henrique Mandetta, pedisse demiss\u00e3o. Afinal, havia sido desautorizado pelo pr\u00f3prio presidente da Rep\u00fablica na recomenda\u00e7\u00e3o para que as pessoas mantenham dist\u00e2ncia uma das outras. Uma sa\u00edda do ministro seria piorar a situa\u00e7\u00e3o.<\/p>\n<h2><strong>60 anos em suspense<\/strong><\/h2>\n<p>Por causa da pandemia de coronav\u00edrus, balan\u00e7a toda a programa\u00e7\u00e3o prevista para os 60 anos de Bras\u00edlia. A ordem \u00e9 nada de aglomera\u00e7\u00f5es at\u00e9 que a curva de n\u00famero de casos inverta a sua trajet\u00f3ria.<\/p>\n<p><strong>Oposi\u00e7\u00e3o vem animada I\/<\/strong> Um grupo de parlamentares oposicionistas chega hoje a Bras\u00edlia disposto a cobrar do presidente da Casa um pux\u00e3o de orelhas no presidente Jair Bolsonaro por causa da manifesta\u00e7\u00e3o de domingo. O chefe do Executivo poderia at\u00e9 ter participado, mas n\u00e3o poderia cumprimentar pessoas nem sair sem m\u00e1scara, uma vez que ainda n\u00e3o est\u00e1 totalmente liberado por causa da viagem que fez aos Estados Unidos.<\/p>\n<p><strong>Oposi\u00e7\u00e3o vem animada II\/<\/strong> Um dos que vai cobrar \u00e9 o deputado J\u00falio Delgado (PSB-MG foto): \u201cO mundo inteiro est\u00e1 passando por isso, pedindo para as pessoas ficarem em casa, e o presidente contraria as orienta\u00e7\u00f5es em sa\u00fade p\u00fablica do mundo. \u00c9 caso de interdi\u00e7\u00e3o pela sanidade do pa\u00eds\u201d, diz o deputado.<\/p>\n<p><strong>E os defensores do presidente tamb\u00e9m\/<\/strong> A deputada Bia Kicis (DF) foi direta ao dizer que Bolsonaro participou e cumprimentou as pessoas para estar ao lado do povo. \u201cNa alegria e na tristeza\u201d, refor\u00e7ou em suas redes sociais.<\/p>\n<p><strong>Olhar do filho\/<\/strong> O deputado Eduardo Bolsonaro refor\u00e7ou em suas redes, em resposta ao pronunciamento da deputada Jana\u00edna Paschoal (PSL-SP) criticando o presidente, que 57 milh\u00f5es votaram a favor de Jair Bolsonaro. Em privado, alguns deputados diziam que os votos n\u00e3o foram a favor do capit\u00e3o, e sim contra o PT. Bolsonaro era o que tinha para evitar a volta dos petistas, e as excel\u00eancias acreditam que o presidente ser\u00e1 reeleito se a polariza\u00e7\u00e3o se repetir em 2022.<\/p>\n<p><strong>Google nos 60 de Bras\u00edlia\/<\/strong> A Google assinou um protocolo com o governo do Distrito Federal para digitalizar todos os museus e documentos da capital. Pelo menos, virtualmente, a festa est\u00e1 salva. E brindes com muito \u00e1lcool em gel.<\/p>\n","protected":false},"excerpt":{"rendered":"<p>Coluna Bras\u00edlia-DF Nos Estados Unidos e na Fran\u00e7a, coube aos respectivos presidentes, Donald Trump e Emmanuel Macron, proferirem as mensagens de incentivo \u00e0 popula\u00e7\u00e3o para atravessar esse per\u00edodo tenso e doloroso causado pela Covid-19. No Brasil, quem deu o recado do governo em rela\u00e7\u00e3o a medidas a serem adotadas foi o ministro da Economia, Paulo Guedes. Internamente, h\u00e1 quem diga [&hellip;]<\/p>\n","protected":false},"author":29,"featured_media":4975,"comment_status":"closed","ping_status":"closed","sticky":false,"template":"","format":"standard","meta":{"footnotes":""},"categories":[4],"tags":[28,243],"class_list":["post-4974","post","type-post","status-publish","format-standard","has-post-thumbnail","hentry","category-coluna-brasilia-df","tag-bolsonaro","tag-coronavirus"],"_links":{"self":[{"href":"https:\/\/blogs.correiobraziliense.com.br\/denise\/wp-json\/wp\/v2\/posts\/4974","targetHints":{"allow":["GET"]}}],"collection":[{"href":"https:\/\/blogs.correiobraziliense.com.br\/denise\/wp-json\/wp\/v2\/posts"}],"about":[{"href":"https:\/\/blogs.correiobraziliense.com.br\/denise\/wp-json\/wp\/v2\/types\/post"}],"author":[{"embeddable":true,"href":"https:\/\/blogs.correiobraziliense.com.br\/denise\/wp-json\/wp\/v2\/users\/29"}],"replies":[{"embeddable":true,"href":"https:\/\/blogs.correiobraziliense.com.br\/denise\/wp-json\/wp\/v2\/comments?post=4974"}],"version-history":[{"count":1,"href":"https:\/\/blogs.correiobraziliense.com.br\/denise\/wp-json\/wp\/v2\/posts\/4974\/revisions"}],"predecessor-version":[{"id":4976,"href":"https:\/\/blogs.correiobraziliense.com.br\/denise\/wp-json\/wp\/v2\/posts\/4974\/revisions\/4976"}],"wp:featuredmedia":[{"embeddable":true,"href":"https:\/\/blogs.correiobraziliense.com.br\/denise\/wp-json\/wp\/v2\/media\/4975"}],"wp:attachment":[{"href":"https:\/\/blogs.correiobraziliense.com.br\/denise\/wp-json\/wp\/v2\/media?parent=4974"}],"wp:term":[{"taxonomy":"category","embeddable":true,"href":"https:\/\/blogs.correiobraziliense.com.br\/denise\/wp-json\/wp\/v2\/categories?post=4974"},{"taxonomy":"post_tag","embeddable":true,"href":"https:\/\/blogs.correiobraziliense.com.br\/denise\/wp-json\/wp\/v2\/tags?post=4974"}],"curies":[{"name":"wp","href":"https:\/\/api.w.org\/{rel}","templated":true}]}}