{"id":4959,"date":"2020-03-16T07:57:51","date_gmt":"2020-03-16T10:57:51","guid":{"rendered":"https:\/\/blogs.correiobraziliense.com.br\/denise\/?p=4959"},"modified":"2020-03-16T07:57:51","modified_gmt":"2020-03-16T10:57:51","slug":"tcu-quer-saber-por-que-o-nordeste-foi-deixado-de-lado-no-bolsa-familia","status":"publish","type":"post","link":"https:\/\/blogs.correiobraziliense.com.br\/denise\/tcu-quer-saber-por-que-o-nordeste-foi-deixado-de-lado-no-bolsa-familia\/","title":{"rendered":"TCU quer saber por que o Nordeste foi deixado de lado no Bolsa Fam\u00edlia"},"content":{"rendered":"<h6><strong>Coluna Bras\u00edlia-DF<\/strong><\/h6>\n<p>O mesmo Tribunal de Contas da Uni\u00e3o (TCU) que ajudou o governo a n\u00e3o ampliar a despesa do Benef\u00edcio de Presta\u00e7\u00e3o Continuada (BPC) tem tudo para dar um pux\u00e3o de orelhas no Executivo em rela\u00e7\u00e3o ao Bolsa Fam\u00edlia. \u00c9 que a maioria dos ministros, de origem nordestina, ficou muito incomodada ao saber que a regi\u00e3o foi deixada de lado na hora de incluir novas fam\u00edlias no programa. Dos nove ministros, seis s\u00e3o nordestinos, a contar pelo presidente, Jos\u00e9 M\u00facio Monteiro.<\/p>\n<p>Na semana passada, quando o governador da Bahia, Rui Costa, esteve l\u00e1 para pedir que o colegiado abrisse uma auditoria, Jos\u00e9 M\u00facio imediatamente determinou a apura\u00e7\u00e3o. A relatoria ficar\u00e1 com o ministro substituto Marcos Bemquerer Costa, que est\u00e1 de licen\u00e7a m\u00e9dica. Por\u00e9m, a expectativa na casa \u00e9 a de que, quando ele voltar, o trabalho t\u00e9cnico j\u00e1 esteja pronto. \u00c9 bom o ex-ministro da Cidadania Osmar Terra e o atual, Onyx Lorenzoni, come\u00e7arem a preparar as explica\u00e7\u00f5es.<\/p>\n<h2><strong>Futuro dif\u00edcil<\/strong><\/h2>\n<p>O fato de o ministro Jos\u00e9 M\u00facio Monteiro deixar a Presid\u00eancia do TCU este ano n\u00e3o facilitar\u00e1 a vida do governo Bolsonaro em rela\u00e7\u00e3o \u00e0 concess\u00e3o de Bolsa Fam\u00edlia. \u00c9 que a pr\u00f3xima a comandar o TCU ser\u00e1 a ministra Ana Arraes, pernambucana. Depois, assume o ministro Bruno Dantas, baiano, sucedido por Vital do Rego, da Para\u00edba.<\/p>\n<h2>\n<strong>Congresso sob tens\u00e3o<\/strong><\/h2>\n<p>O teste positivo do senador Nelsinho Trad deixou todos os parlamentares em sinal de alerta. J\u00e1 est\u00e1 em fase de estudo, inclusive, a possibilidade de declarar recesso e, assim, prorrogar automaticamente os prazos de validade de Medidas Provis\u00f3rias.<\/p>\n<h2>\n<strong>Enquanto isso, no PT\u2026<\/strong><\/h2>\n<p>O ex-presidente Lula dir\u00e1 ao governador do Maranh\u00e3o, Fl\u00e1vio Dino, que n\u00e3o h\u00e1 meios de os petistas n\u00e3o terem candidato pr\u00f3prio \u00e0 Presid\u00eancia da Rep\u00fablica em 2022. Lula e Dino conversam semana que vem.<\/p>\n<h2>\n<strong>\u00bb CURTIDAS<\/strong><\/h2>\n<p><strong>Comunica\u00e7\u00e3o por videoconfer\u00eancia<\/strong> \/ A equipe que trabalha com o secret\u00e1rio de Comunica\u00e7\u00e3o da Presid\u00eancia, F\u00e1bio Wajngarten, foi orientada a ficar em casa. Inclusive o n\u00famero dois, Samy Libernam, que tamb\u00e9m \u00e9 suspeito de ter sido infectado pelo coronav\u00edrus.<\/p>\n<p><strong>Quem acreditou em &#8220;fantasia&#8221;&#8230;<\/strong> \/ Agora est\u00e1 preocupado. O senador Nelsinho Trad, que est\u00e1 infectado e em quarentena, contou que distribuiu apertos de m\u00e3o no Congresso essa semana. A afli\u00e7\u00e3o \u00e9 geral.<\/p>\n<p><strong>Bebianno \/<\/strong> A morte de Gustavo Bebianno, o ex-ministro de Jair Bolsonaro que virou advers\u00e1rio pol\u00edtico do presidente, deixa o PSDB com a obriga\u00e7\u00e3o de refazer todo o seu jogo eleitoral para este ano no Rio de Janeiro. E com a diferen\u00e7a que n\u00e3o tem algu\u00e9m que fosse t\u00e3o \u00edntimo da fam\u00edlia Bolsonaro e de seus segredos de campanha.<\/p>\n<p><strong>A manifesta\u00e7\u00e3o, hein? \/<\/strong> Certa vez, um grupo de servidores da c\u00fapula do Legislativo pensou em fazer carreata. O medo de que a manifesta\u00e7\u00e3o se resumisse a um desfile de autom\u00f3veis de alto padr\u00e3o fez a organiza\u00e7\u00e3o mudar de ideia.<\/p>\n","protected":false},"excerpt":{"rendered":"<p>Coluna Bras\u00edlia-DF O mesmo Tribunal de Contas da Uni\u00e3o (TCU) que ajudou o governo a n\u00e3o ampliar a despesa do Benef\u00edcio de Presta\u00e7\u00e3o Continuada (BPC) tem tudo para dar um pux\u00e3o de orelhas no Executivo em rela\u00e7\u00e3o ao Bolsa Fam\u00edlia. \u00c9 que a maioria dos ministros, de origem nordestina, ficou muito incomodada ao saber que a regi\u00e3o foi deixada de [&hellip;]<\/p>\n","protected":false},"author":29,"featured_media":4961,"comment_status":"closed","ping_status":"closed","sticky":false,"template":"","format":"standard","meta":{"footnotes":""},"categories":[4],"tags":[276,143,277],"class_list":["post-4959","post","type-post","status-publish","format-standard","has-post-thumbnail","hentry","category-coluna-brasilia-df","tag-bolsa-familia","tag-nordeste","tag-tcu"],"_links":{"self":[{"href":"https:\/\/blogs.correiobraziliense.com.br\/denise\/wp-json\/wp\/v2\/posts\/4959","targetHints":{"allow":["GET"]}}],"collection":[{"href":"https:\/\/blogs.correiobraziliense.com.br\/denise\/wp-json\/wp\/v2\/posts"}],"about":[{"href":"https:\/\/blogs.correiobraziliense.com.br\/denise\/wp-json\/wp\/v2\/types\/post"}],"author":[{"embeddable":true,"href":"https:\/\/blogs.correiobraziliense.com.br\/denise\/wp-json\/wp\/v2\/users\/29"}],"replies":[{"embeddable":true,"href":"https:\/\/blogs.correiobraziliense.com.br\/denise\/wp-json\/wp\/v2\/comments?post=4959"}],"version-history":[{"count":1,"href":"https:\/\/blogs.correiobraziliense.com.br\/denise\/wp-json\/wp\/v2\/posts\/4959\/revisions"}],"predecessor-version":[{"id":4962,"href":"https:\/\/blogs.correiobraziliense.com.br\/denise\/wp-json\/wp\/v2\/posts\/4959\/revisions\/4962"}],"wp:featuredmedia":[{"embeddable":true,"href":"https:\/\/blogs.correiobraziliense.com.br\/denise\/wp-json\/wp\/v2\/media\/4961"}],"wp:attachment":[{"href":"https:\/\/blogs.correiobraziliense.com.br\/denise\/wp-json\/wp\/v2\/media?parent=4959"}],"wp:term":[{"taxonomy":"category","embeddable":true,"href":"https:\/\/blogs.correiobraziliense.com.br\/denise\/wp-json\/wp\/v2\/categories?post=4959"},{"taxonomy":"post_tag","embeddable":true,"href":"https:\/\/blogs.correiobraziliense.com.br\/denise\/wp-json\/wp\/v2\/tags?post=4959"}],"curies":[{"name":"wp","href":"https:\/\/api.w.org\/{rel}","templated":true}]}}