{"id":4924,"date":"2020-03-12T08:14:06","date_gmt":"2020-03-12T11:14:06","guid":{"rendered":"https:\/\/blogs.correiobraziliense.com.br\/denise\/?p=4924"},"modified":"2020-03-12T08:14:06","modified_gmt":"2020-03-12T11:14:06","slug":"empresarios-concordam-com-bolsonaro-e-veem-com-muita-desconfianca-a-pandemia-da-covid-19","status":"publish","type":"post","link":"https:\/\/blogs.correiobraziliense.com.br\/denise\/empresarios-concordam-com-bolsonaro-e-veem-com-muita-desconfianca-a-pandemia-da-covid-19\/","title":{"rendered":"Empres\u00e1rios concordam com Bolsonaro e veem com muita desconfian\u00e7a a pandemia da Covid-19"},"content":{"rendered":"<h6><strong>Coluna Bras\u00edlia-DF<\/strong><\/h6>\n<p>Empres\u00e1rios reunidos no almo\u00e7o da Lide DF, sob o comando do ex-senador Paulo Oct\u00e1vio, eram un\u00e2nimes em afirmar que, apesar das crises, n\u00e3o v\u00e3o deixar de investir ou revisar para baixo suas programa\u00e7\u00f5es. Eles veem com muita desconfian\u00e7a a pandemia da Covid-19 e concordam com o presidente Jair Bolsonaro de que \u00e9 preciso ver as coisas com mais calma e menos alarmismo.<\/p>\n<h2>\n<strong>\u201cGan\u00e2ncia infecciosa\u201d\u00a0<\/strong><\/h2>\n<p>Numa roda, Ennius Muniz, da Conbral, puxou, na hora, a express\u00e3o que o ex-presidente do Federal Reserve Alan Greenspan usou em 2002 para definir o perfil do investidor americano. Pelo menos, no DF, tem muita gente acreditando que parte dessa celeuma que derrubou bolsas e fez o d\u00f3lar subir levar\u00e1 muita gente a adquirir a\u00e7\u00f5es pelo mundo afora a pre\u00e7o de banana.<\/p>\n","protected":false},"excerpt":{"rendered":"<p>Coluna Bras\u00edlia-DF Empres\u00e1rios reunidos no almo\u00e7o da Lide DF, sob o comando do ex-senador Paulo Oct\u00e1vio, eram un\u00e2nimes em afirmar que, apesar das crises, n\u00e3o v\u00e3o deixar de investir ou revisar para baixo suas programa\u00e7\u00f5es. Eles veem com muita desconfian\u00e7a a pandemia da Covid-19 e concordam com o presidente Jair Bolsonaro de que \u00e9 preciso ver as coisas com mais [&hellip;]<\/p>\n","protected":false},"author":29,"featured_media":4927,"comment_status":"closed","ping_status":"closed","sticky":false,"template":"","format":"standard","meta":{"footnotes":""},"categories":[4],"tags":[243,271,270],"class_list":["post-4924","post","type-post","status-publish","format-standard","has-post-thumbnail","hentry","category-coluna-brasilia-df","tag-coronavirus","tag-covid-19","tag-pandemia"],"_links":{"self":[{"href":"https:\/\/blogs.correiobraziliense.com.br\/denise\/wp-json\/wp\/v2\/posts\/4924","targetHints":{"allow":["GET"]}}],"collection":[{"href":"https:\/\/blogs.correiobraziliense.com.br\/denise\/wp-json\/wp\/v2\/posts"}],"about":[{"href":"https:\/\/blogs.correiobraziliense.com.br\/denise\/wp-json\/wp\/v2\/types\/post"}],"author":[{"embeddable":true,"href":"https:\/\/blogs.correiobraziliense.com.br\/denise\/wp-json\/wp\/v2\/users\/29"}],"replies":[{"embeddable":true,"href":"https:\/\/blogs.correiobraziliense.com.br\/denise\/wp-json\/wp\/v2\/comments?post=4924"}],"version-history":[{"count":1,"href":"https:\/\/blogs.correiobraziliense.com.br\/denise\/wp-json\/wp\/v2\/posts\/4924\/revisions"}],"predecessor-version":[{"id":4928,"href":"https:\/\/blogs.correiobraziliense.com.br\/denise\/wp-json\/wp\/v2\/posts\/4924\/revisions\/4928"}],"wp:featuredmedia":[{"embeddable":true,"href":"https:\/\/blogs.correiobraziliense.com.br\/denise\/wp-json\/wp\/v2\/media\/4927"}],"wp:attachment":[{"href":"https:\/\/blogs.correiobraziliense.com.br\/denise\/wp-json\/wp\/v2\/media?parent=4924"}],"wp:term":[{"taxonomy":"category","embeddable":true,"href":"https:\/\/blogs.correiobraziliense.com.br\/denise\/wp-json\/wp\/v2\/categories?post=4924"},{"taxonomy":"post_tag","embeddable":true,"href":"https:\/\/blogs.correiobraziliense.com.br\/denise\/wp-json\/wp\/v2\/tags?post=4924"}],"curies":[{"name":"wp","href":"https:\/\/api.w.org\/{rel}","templated":true}]}}