{"id":4914,"date":"2020-03-11T08:13:00","date_gmt":"2020-03-11T11:13:00","guid":{"rendered":"https:\/\/blogs.correiobraziliense.com.br\/denise\/?p=4914"},"modified":"2020-03-11T08:13:00","modified_gmt":"2020-03-11T11:13:00","slug":"militares-nao-concordam-com-o-clima-de-tensao-entre-planalto-e-o-congresso","status":"publish","type":"post","link":"https:\/\/blogs.correiobraziliense.com.br\/denise\/militares-nao-concordam-com-o-clima-de-tensao-entre-planalto-e-o-congresso\/","title":{"rendered":"Militares: as For\u00e7as Armadas s\u00e3o uma coisa, e o Planalto \u00e9 outra"},"content":{"rendered":"<h6><strong>Coluna Bras\u00edlia-DF<\/strong><\/h6>\n<p>Os militares mandaram v\u00e1rios sinais \u00e0 classe pol\u00edtica de que n\u00e3o concordam com o clima de tens\u00e3o reinante entre o Planalto e o Congresso. A prioridade deles hoje \u00e9 servir num clima de paz, sem golpes, contragolpes, rasteiras ou seja l\u00e1 que nome alguns tentem dar ao mal-estar entre o presidente Jair Bolsonaro e os congressistas.<\/p>\n<p>E a f\u00f3rmula para que isso aconte\u00e7a \u00e9 separar as esta\u00e7\u00f5es \u2013\u2013 Ex\u00e9rcito brasileiro e o Planalto. Ainda que haja generais em postos-chaves do governo, as For\u00e7as Armadas s\u00e3o uma coisa, e o Planalto \u00e9 outra. A inten\u00e7\u00e3o de quem est\u00e1 na ativa \u00e9 ajudar no sentido de estabelecer di\u00e1logos e separar esta\u00e7\u00f5es.<\/p>\n<h2><strong>Bolsonaro, Doria e a economia<\/strong><\/h2>\n<p>Enquanto o presidente deixa o PIB de 1,1% na cota de Paulo Guedes, o governador de S\u00e3o Paulo, Jo\u00e3o Doria, aproveita seu p\u00e9riplo por Bras\u00edlia para lembrar que o PIB paulista cresceu 2,8% em 2019.<\/p>\n<h2><strong>Enquanto isso, no parlamento\u2026<\/strong><\/h2>\n<p>Os l\u00edderes do governo ficaram preocupados com o pedido do senador Randolfe Rodrigues (Rede-AP) para que Bolsonaro retire o tal PLN 4, o projeto de lei or\u00e7ament\u00e1ria fruto do acordo para manuten\u00e7\u00e3o dos vetos, e que preserva parte do poder do relator do Or\u00e7amento. Se o fizer, ter\u00e1 mais problemas em rela\u00e7\u00e3o a futuros acordos com o parlamento.<\/p>\n<h2><strong>Respiro<\/strong><\/h2>\n<p>O governo ganhou mais um m\u00eas e meio para tentar chegar a um acordo com os caminhoneiros em torno da tabela do frete. O empresariado considera que adiar o fim do tabelamento para daqui a dois anos, conforme chegou a ser discutido na reuni\u00e3o, n\u00e3o atende a agricultura e a ind\u00fastria. Ou seja, o impasse continua.<\/p>\n<h2><strong>Falta de ar<\/strong><\/h2>\n<p>Empres\u00e1rios argumentam que adiamentos desse tema do frete n\u00e3o ajudam a alavancar o PIB neste primeiro mandato de Bolsonaro. Por\u00e9m aliados do presidente avaliam que uma greve de caminhoneiros em protesto contra o fim do tabelamento do frete tende a piorar a situa\u00e7\u00e3o.<\/p>\n<h2><strong>Um problema de cada vez<\/strong><\/h2>\n<p>N\u00e3o h\u00e1 solu\u00e7\u00e3o perfeita para o caso dos caminhoneiros. E, enquanto n\u00e3o houver, o governo pedir\u00e1 para adiar qualquer decis\u00e3o a respeito. Pelo menos at\u00e9 o coronav\u00edrus sair do palco.<\/p>\n<p><strong>O que ele pensa\/<\/strong> Quando perguntado sobre a declara\u00e7\u00e3o de Bolsonaro a respeito de fraude eleitoral, o senador Major Olimpio (PSL-SP) reagiu assim: \u201cEle est\u00e1 apresentando um recurso contra ele mesmo\u201d.<\/p>\n<p><strong>E o slogan ficou\/<\/strong> O secret\u00e1rio da Fazenda de S\u00e3o Paulo, Henrique Meirelles, terminou virando \u201cmeme\u201d no WhatsApp com a seguinte inscri\u00e7\u00e3o: \u201cA solu\u00e7\u00e3o para o (Paulo) Guedes: chama o Meirelles\u201d. Em sua campanha presidencial, o ex-ministro da Fazenda de Michel Temer dizia que o Brasil estava votando \u201ccontra\u201d: uns em Bolsonaro contra o PT e outros no PT contra Bolsonaro, e j\u00e1 se sabia onde isso iria parar. Sua propaganda terminava com o slogan: \u201cChama o Meirelles agora e n\u00e3o se lamente depois\u201d.<\/p>\n<p><strong>Mandetta e o seu cumprimento\/<\/strong> Na reuni\u00e3o da Frente Parlamentar da Medicina, o ministro da Sa\u00fade, Luiz Henrique Mandetta, e o deputado federal Fl\u00e1vio Nogueira (PDT-PI), seguiram o cumprimento \u2013\u2013 choque de punhos \u2013\u2013 recomendado pelo titular da pasta como forma de precau\u00e7\u00e3o ao coronav\u00edrus. Eles agora se cumprimentam assim.<\/p>\n<p><strong>Judici\u00e1rio presente\/<\/strong> A posse da nova diretoria da Associa\u00e7\u00e3o Nacional dos Membros do Minist\u00e9rio P\u00fablico (Conamp), a ser presidida por Manoel Victor Sereni Murrieta e Tavares, promete reunir os ministros do Supremo Tribunal Federal e do Superior Tribunal de Justi\u00e7a. O evento far\u00e1 homenagens ao ministro Mauro Campbell e \u00e0 ex-presidente do Conamp, Norma Ang\u00e9lica Reis Cardoso Cavalcanti.<\/p>\n","protected":false},"excerpt":{"rendered":"<p>Coluna Bras\u00edlia-DF Os militares mandaram v\u00e1rios sinais \u00e0 classe pol\u00edtica de que n\u00e3o concordam com o clima de tens\u00e3o reinante entre o Planalto e o Congresso. A prioridade deles hoje \u00e9 servir num clima de paz, sem golpes, contragolpes, rasteiras ou seja l\u00e1 que nome alguns tentem dar ao mal-estar entre o presidente Jair Bolsonaro e os congressistas. E a [&hellip;]<\/p>\n","protected":false},"author":29,"featured_media":4918,"comment_status":"closed","ping_status":"closed","sticky":false,"template":"","format":"standard","meta":{"footnotes":""},"categories":[4],"tags":[267,77],"class_list":["post-4914","post","type-post","status-publish","format-standard","has-post-thumbnail","hentry","category-coluna-brasilia-df","tag-forcas-armadas","tag-militares"],"_links":{"self":[{"href":"https:\/\/blogs.correiobraziliense.com.br\/denise\/wp-json\/wp\/v2\/posts\/4914","targetHints":{"allow":["GET"]}}],"collection":[{"href":"https:\/\/blogs.correiobraziliense.com.br\/denise\/wp-json\/wp\/v2\/posts"}],"about":[{"href":"https:\/\/blogs.correiobraziliense.com.br\/denise\/wp-json\/wp\/v2\/types\/post"}],"author":[{"embeddable":true,"href":"https:\/\/blogs.correiobraziliense.com.br\/denise\/wp-json\/wp\/v2\/users\/29"}],"replies":[{"embeddable":true,"href":"https:\/\/blogs.correiobraziliense.com.br\/denise\/wp-json\/wp\/v2\/comments?post=4914"}],"version-history":[{"count":3,"href":"https:\/\/blogs.correiobraziliense.com.br\/denise\/wp-json\/wp\/v2\/posts\/4914\/revisions"}],"predecessor-version":[{"id":4920,"href":"https:\/\/blogs.correiobraziliense.com.br\/denise\/wp-json\/wp\/v2\/posts\/4914\/revisions\/4920"}],"wp:featuredmedia":[{"embeddable":true,"href":"https:\/\/blogs.correiobraziliense.com.br\/denise\/wp-json\/wp\/v2\/media\/4918"}],"wp:attachment":[{"href":"https:\/\/blogs.correiobraziliense.com.br\/denise\/wp-json\/wp\/v2\/media?parent=4914"}],"wp:term":[{"taxonomy":"category","embeddable":true,"href":"https:\/\/blogs.correiobraziliense.com.br\/denise\/wp-json\/wp\/v2\/categories?post=4914"},{"taxonomy":"post_tag","embeddable":true,"href":"https:\/\/blogs.correiobraziliense.com.br\/denise\/wp-json\/wp\/v2\/tags?post=4914"}],"curies":[{"name":"wp","href":"https:\/\/api.w.org\/{rel}","templated":true}]}}