{"id":4911,"date":"2020-03-10T08:16:06","date_gmt":"2020-03-10T11:16:06","guid":{"rendered":"https:\/\/blogs.correiobraziliense.com.br\/denise\/?p=4911"},"modified":"2020-03-10T08:16:06","modified_gmt":"2020-03-10T11:16:06","slug":"bolsonaro-precisara-decidir-se-atende-os-caminhoneiros-ou-o-pib","status":"publish","type":"post","link":"https:\/\/blogs.correiobraziliense.com.br\/denise\/bolsonaro-precisara-decidir-se-atende-os-caminhoneiros-ou-o-pib\/","title":{"rendered":"Bolsonaro precisar\u00e1 decidir se atende os caminhoneiros ou o PIB"},"content":{"rendered":"<h6><strong>Coluna Bras\u00edlia-DF<\/strong><\/h6>\n<p>Na reuni\u00e3o de hoje com o ministro do Supremo Tribunal Federal Luiz Fux para discutir a lei do tabelamento do frete, os empres\u00e1rios chegam dispostos a fechar um acordo em torno do valor pago aos caminhoneiros, desde que n\u00e3o haja tabelamento. Os caminhoneiros, por sua vez, v\u00e3o determinados a cobrar o cumprimento da lei do frete.<\/p>\n<p>Logo, tem tudo para haver um impasse, se a categoria n\u00e3o ceder. \u201cEstamos desenhando um novo modelo de contrata\u00e7\u00e3o direta dos caminhoneiros, mas qualquer mudan\u00e7a s\u00f3 vai adiante se o tabelamento do frete cair\u201d, antecipa \u00e0 coluna o presidente executivo da Associa\u00e7\u00e3o Nacional dos Usu\u00e1rios de Transporte de Carga, Luiz Henrique Baldez.<\/p>\n<p>At\u00e9 aqui, tanto a equipe econ\u00f4mica do governo quanto as confedera\u00e7\u00f5es empresariais se posicionaram contra o tabelamento. Logo, se ningu\u00e9m ceder, o presidente Jair Bolsonaro enfrentar\u00e1 mais uma encruzilhada: ou atende os caminhoneiros, ou o PIB. Com a crise econ\u00f4mica despontando no horizonte, h\u00e1 quem diga que a situa\u00e7\u00e3o para os caminhoneiros est\u00e1 chegando ao ponto de \u201cou pegar, ou largar\u201d.<\/p>\n<h2>\n<strong>Governo contra governo<\/strong><\/h2>\n<p>O acordo entre Executivo e Legislativo em torno dos projetos de lei or\u00e7ament\u00e1ria (PLNs), enviados na semana passada, teve validade menor do que a de um iogurte. A orienta\u00e7\u00e3o de muitos governistas, hoje, ser\u00e1 no sentido de votar contra a proposta.<\/p>\n<h2>\n<strong>Ningu\u00e9m pisca<\/strong><\/h2>\n<p>\u00c0s v\u00e9speras do movimento de 15 de mar\u00e7o, a expectativa geral no Congresso \u00e9 de que ningu\u00e9m consiga muita coisa em termos de di\u00e1logo para sair da barafunda de d\u00f3lar alto e bolsas caindo. O ano, que deveria come\u00e7ar depois do carnaval, agora, s\u00f3 ap\u00f3s 15 de mar\u00e7o.<\/p>\n<h2>\n<strong>Confian\u00e7a, ativo em falta<\/strong><\/h2>\n<p>A declara\u00e7\u00e3o do presidente Jair Bolsonaro sobre confian\u00e7a na pol\u00edtica econ\u00f4mica de Paulo Guedes ter\u00e1 v\u00e1rios testes este m\u00eas: de caminhoneiros a envio das reformas. S\u00e3o assuntos que, na avalia\u00e7\u00e3o de aliados do presidente no Congresso, chegaram \u00e0 hora da verdade.<\/p>\n<h2>\n<strong>Vem briga a\u00ed<\/strong><\/h2>\n<p>Os problemas enfrentados pelo governo n\u00e3o tiraram o presidente Jair Bolsonaro da pole position de 2022. E, nesse cen\u00e1rio, vai ter partido brigando pela vice. Em especial, MDB e DEM.<\/p>\n<h2>\n<strong>Curtidas<\/strong><\/h2>\n<p><strong>Crian\u00e7a, a sa\u00edda\/<\/strong> A ministra da Mulher, da Fam\u00edlia e dos Direitos Humanos, Damares Alves, e a deputada federal Paula Belmonte (Cidadania-DF) t\u00eam um ponto em comum: a cria\u00e7\u00e3o do Minist\u00e9rio da Crian\u00e7a. \u201cUm dos grandes sonhos que a Damares compartilha comigo \u00e9 criarmos, um dia, o Minist\u00e9rio da Crian\u00e7a\u201d, disse Paula, durante encontro com a ministra. Investir na crian\u00e7a, afirma Damares, \u201ceconomiza em tudo, no sistema socioeducativo e prisional, na sa\u00fade, em tudo\u201d.<\/p>\n<p><strong>Ele tem raz\u00e3o\/<\/strong> Num ponto, todos os pol\u00edticos concordam com o presidente Jair Bolsonaro: nessa atividade, quem tem medo de rua, melhor buscar outra fun\u00e7\u00e3o.<\/p>\n<p><strong>O tempo, senhor da raz\u00e3o\/<\/strong> Em Bras\u00edlia, pol\u00edticos apostam quanto tempo Regina Duarte aguenta ficar no governo: os mais otimistas calculam seis meses.<\/p>\n","protected":false},"excerpt":{"rendered":"<p>Coluna Bras\u00edlia-DF Na reuni\u00e3o de hoje com o ministro do Supremo Tribunal Federal Luiz Fux para discutir a lei do tabelamento do frete, os empres\u00e1rios chegam dispostos a fechar um acordo em torno do valor pago aos caminhoneiros, desde que n\u00e3o haja tabelamento. Os caminhoneiros, por sua vez, v\u00e3o determinados a cobrar o cumprimento da lei do frete. Logo, tem [&hellip;]<\/p>\n","protected":false},"author":29,"featured_media":4912,"comment_status":"closed","ping_status":"closed","sticky":false,"template":"","format":"standard","meta":{"footnotes":""},"categories":[4],"tags":[28,144,265,266],"class_list":["post-4911","post","type-post","status-publish","format-standard","has-post-thumbnail","hentry","category-coluna-brasilia-df","tag-bolsonaro","tag-caminhoneiros","tag-pib","tag-tabelamento-do-frete"],"_links":{"self":[{"href":"https:\/\/blogs.correiobraziliense.com.br\/denise\/wp-json\/wp\/v2\/posts\/4911","targetHints":{"allow":["GET"]}}],"collection":[{"href":"https:\/\/blogs.correiobraziliense.com.br\/denise\/wp-json\/wp\/v2\/posts"}],"about":[{"href":"https:\/\/blogs.correiobraziliense.com.br\/denise\/wp-json\/wp\/v2\/types\/post"}],"author":[{"embeddable":true,"href":"https:\/\/blogs.correiobraziliense.com.br\/denise\/wp-json\/wp\/v2\/users\/29"}],"replies":[{"embeddable":true,"href":"https:\/\/blogs.correiobraziliense.com.br\/denise\/wp-json\/wp\/v2\/comments?post=4911"}],"version-history":[{"count":1,"href":"https:\/\/blogs.correiobraziliense.com.br\/denise\/wp-json\/wp\/v2\/posts\/4911\/revisions"}],"predecessor-version":[{"id":4913,"href":"https:\/\/blogs.correiobraziliense.com.br\/denise\/wp-json\/wp\/v2\/posts\/4911\/revisions\/4913"}],"wp:featuredmedia":[{"embeddable":true,"href":"https:\/\/blogs.correiobraziliense.com.br\/denise\/wp-json\/wp\/v2\/media\/4912"}],"wp:attachment":[{"href":"https:\/\/blogs.correiobraziliense.com.br\/denise\/wp-json\/wp\/v2\/media?parent=4911"}],"wp:term":[{"taxonomy":"category","embeddable":true,"href":"https:\/\/blogs.correiobraziliense.com.br\/denise\/wp-json\/wp\/v2\/categories?post=4911"},{"taxonomy":"post_tag","embeddable":true,"href":"https:\/\/blogs.correiobraziliense.com.br\/denise\/wp-json\/wp\/v2\/tags?post=4911"}],"curies":[{"name":"wp","href":"https:\/\/api.w.org\/{rel}","templated":true}]}}