{"id":4903,"date":"2020-03-05T08:15:32","date_gmt":"2020-03-05T11:15:32","guid":{"rendered":"https:\/\/blogs.correiobraziliense.com.br\/denise\/?p=4903"},"modified":"2020-03-05T08:15:32","modified_gmt":"2020-03-05T11:15:32","slug":"apos-datena-mdb-promete-novas-filiacoes-para-ressurgir-com-forca-no-cenario-eleitoral","status":"publish","type":"post","link":"https:\/\/blogs.correiobraziliense.com.br\/denise\/apos-datena-mdb-promete-novas-filiacoes-para-ressurgir-com-forca-no-cenario-eleitoral\/","title":{"rendered":"Ap\u00f3s Datena, MDB promete novas filia\u00e7\u00f5es para ressurgir com for\u00e7a no cen\u00e1rio eleitoral"},"content":{"rendered":"<h6><strong>Coluna Brasilia-DF<\/strong><\/h6>\n<p>A filia\u00e7\u00e3o do jornalista Jos\u00e9 Luiz Datena ao MDB \u00e9 a primeira de uma s\u00e9rie que promete fazer com que uma das legendas marcadas pela velha pol\u00edtica ressurja com for\u00e7a no cen\u00e1rio eleitoral. S\u00e3o, pelo menos, dois fatores que levam a isso: o primeiro deles \u00e9 que, no MDB, cabe um pouco de tudo \u2013\u2013 desde aqueles que lideram o governo de Jair Bolsonaro, e simpatizam com o presidente, at\u00e9 ex-ministros da presidente Dilma Rousseff, caso dos senadores Eduardo Braga (AM) e Marcelo Castro (PI). Num momento de indefini\u00e7\u00e3o da pol\u00edtica, o MDB soa como aquele avi\u00e3o que tem autonomia de voo para mudar de rota no meio do caminho, levando seus passageiros com alguma seguran\u00e7a at\u00e9 outro aeroporto.<\/p>\n<p>O segundo fator \u00e9 que, num cen\u00e1rio de n\u00e3o coliga\u00e7\u00e3o para as elei\u00e7\u00f5es deste ano, situa\u00e7\u00e3o que se repetir\u00e1 em 2022, o melhor \u00e9 buscar um grande partido, que tem recursos e tem a cara da estabilidade. N\u00e3o por acaso, ontem, nos bastidores da filia\u00e7\u00e3o de Datena, muitos diziam que, no per\u00edodo de Henrique Meirelles na Fazenda, o crescimento econ\u00f4mico foi o mesmo registrado no per\u00edodo Paulo Guedes. E Meirelles pegou a economia em recess\u00e3o, situa\u00e7\u00e3o pior do que a encontrada por Guedes. E que ningu\u00e9m se espante se o partido come\u00e7ar a bater bumbo nessa quest\u00e3o. Afinal, dizem os emedebistas, esperava-se mais do atual governo.<\/p>\n<h2>\n<strong>Em nome dos filhos<\/strong><\/h2>\n<p>Os aliados de Bolsonaro no Congresso s\u00e3o quase que un\u00e2nimes em afirmar que, diante das dificuldades enfrentadas pelos filhos parlamentares nos conselhos de \u00e9tica, foi preciso buscar um acordo em rela\u00e7\u00e3o ao Or\u00e7amento. Afinal, um clima tenso poderia acabar respingando neles.<\/p>\n<h2>\n<strong>Em nome pr\u00f3prio<\/strong><\/h2>\n<p>A sucess\u00e3o de recursos de Fl\u00e1vio Bolsonaro (sem partido-RJ) para evitar uma investiga\u00e7\u00e3o sobre as \u201crachadinhas\u201d, ou seja, a cota retirada do sal\u00e1rio de servidores do antigo gabinete, ser\u00e1 usada pela oposi\u00e7\u00e3o para tentar desgast\u00e1-lo. J\u00e1 tem gente preparando discurso na linha de \u201cquem n\u00e3o deve n\u00e3o teme\u201d.<\/p>\n<h2>\n<strong>Jair na roda<\/strong><\/h2>\n<p>Mesmo sem partido, Bolsonaro ser\u00e1 um dos personagens da elei\u00e7\u00e3o deste ano, uma vez que grupos de oposi\u00e7\u00e3o e de seus ex-aliados, como o ex-ministro Gustavo Bebianno, desejam nacionalizar a disputa. S\u00f3 tem um probleminha: o eleitor quer saber da sua cidade. Na vis\u00e3o de quem manda, o cidad\u00e3o, Bolsonaro no quesito eleitoral \u00e9 assunto para 2022.<\/p>\n<h2>\n<strong>Foi Brumadinho<\/strong><\/h2>\n<p>Cientes das dificuldades que o pa\u00eds enfrenta h\u00e1 v\u00e1rios anos, o l\u00edder do governo no Senado, Fernando Bezerra Coelho (MDB-PE), tinha a resposta sobre o PIB na ponta<br \/>\nda l\u00edngua: \u201cFoi um ano dif\u00edcil, tivemos logo na largada o acidente na barragem de Brumadinho, que comprometeu o resultado\u201d, disse.<\/p>\n<h2>\n<strong>Nunca antes<\/strong><\/h2>\n<p>A secret\u00e1ria da Cultura, Regina Duarte, foi a primeira a revelar, no discurso de posse, a promessa de carta branca e porteira fechada de Bolsonaro. Nenhum ministro chegou a tanto.<\/p>\n<h2>\n<strong>Curtidas<\/strong><\/h2>\n<p><strong>Quem n\u00e3o nega&#8230;<\/strong>\/ Perguntado pela coluna sobre um poss\u00edvel segundo mandato no comando do Senado, Davi Alcolumbre (DEM-AP) respondeu assim: \u201cSe tiver votos\u2026\u201d.<\/p>\n<p><strong>\u2026 pode buscar\/<\/strong> Alcolumbre sabe das dificuldades. O grupo Muda Senado, que tem quase 22 senadores, n\u00e3o quer saber de reelei\u00e7\u00e3o e tem alguns candidatos, como o senador \u00c1lvaro Dias (Podemos-PR).<\/p>\n<p><strong>Quest\u00e3o sem\u00e2ntica\/<\/strong> Perguntado logo no in\u00edcio da tarde se havia acordo para aprecia\u00e7\u00e3o dos vetos pendentes, o l\u00edder do governo no Congresso, Eduardo Gomes (MDB-TO), respondeu assim: \u201cN\u00e3o h\u00e1 acordo, h\u00e1 entendimento\u201d.<\/p>\n<p><strong>Economia n\u00e3o \u00e9 piada, presidente\/<\/strong> Ao pedir a um humorista que respondesse a uma pergunta sobre o PIB, na porta do Alvorada, Bolsonaro terminou por passar a ideia de desrespeito aos n\u00fameros e ao pr\u00f3prio trabalho. N\u00e3o por acaso, no fim da tarde, parou e respondeu seriamente sobre a quest\u00e3o. Melhor assim.<\/p>\n","protected":false},"excerpt":{"rendered":"<p>Coluna Brasilia-DF A filia\u00e7\u00e3o do jornalista Jos\u00e9 Luiz Datena ao MDB \u00e9 a primeira de uma s\u00e9rie que promete fazer com que uma das legendas marcadas pela velha pol\u00edtica ressurja com for\u00e7a no cen\u00e1rio eleitoral. S\u00e3o, pelo menos, dois fatores que levam a isso: o primeiro deles \u00e9 que, no MDB, cabe um pouco de tudo \u2013\u2013 desde aqueles que [&hellip;]<\/p>\n","protected":false},"author":29,"featured_media":4904,"comment_status":"closed","ping_status":"closed","sticky":false,"template":"","format":"standard","meta":{"footnotes":""},"categories":[4],"tags":[262,74],"class_list":["post-4903","post","type-post","status-publish","format-standard","has-post-thumbnail","hentry","category-coluna-brasilia-df","tag-datena","tag-mdb"],"_links":{"self":[{"href":"https:\/\/blogs.correiobraziliense.com.br\/denise\/wp-json\/wp\/v2\/posts\/4903","targetHints":{"allow":["GET"]}}],"collection":[{"href":"https:\/\/blogs.correiobraziliense.com.br\/denise\/wp-json\/wp\/v2\/posts"}],"about":[{"href":"https:\/\/blogs.correiobraziliense.com.br\/denise\/wp-json\/wp\/v2\/types\/post"}],"author":[{"embeddable":true,"href":"https:\/\/blogs.correiobraziliense.com.br\/denise\/wp-json\/wp\/v2\/users\/29"}],"replies":[{"embeddable":true,"href":"https:\/\/blogs.correiobraziliense.com.br\/denise\/wp-json\/wp\/v2\/comments?post=4903"}],"version-history":[{"count":1,"href":"https:\/\/blogs.correiobraziliense.com.br\/denise\/wp-json\/wp\/v2\/posts\/4903\/revisions"}],"predecessor-version":[{"id":4905,"href":"https:\/\/blogs.correiobraziliense.com.br\/denise\/wp-json\/wp\/v2\/posts\/4903\/revisions\/4905"}],"wp:featuredmedia":[{"embeddable":true,"href":"https:\/\/blogs.correiobraziliense.com.br\/denise\/wp-json\/wp\/v2\/media\/4904"}],"wp:attachment":[{"href":"https:\/\/blogs.correiobraziliense.com.br\/denise\/wp-json\/wp\/v2\/media?parent=4903"}],"wp:term":[{"taxonomy":"category","embeddable":true,"href":"https:\/\/blogs.correiobraziliense.com.br\/denise\/wp-json\/wp\/v2\/categories?post=4903"},{"taxonomy":"post_tag","embeddable":true,"href":"https:\/\/blogs.correiobraziliense.com.br\/denise\/wp-json\/wp\/v2\/tags?post=4903"}],"curies":[{"name":"wp","href":"https:\/\/api.w.org\/{rel}","templated":true}]}}