{"id":4897,"date":"2020-03-04T07:58:24","date_gmt":"2020-03-04T10:58:24","guid":{"rendered":"https:\/\/blogs.correiobraziliense.com.br\/denise\/?p=4897"},"modified":"2020-03-04T07:58:24","modified_gmt":"2020-03-04T10:58:24","slug":"bolsonaro-iria-para-protesto-se-nao-houvesse-manutencao-de-vetos","status":"publish","type":"post","link":"https:\/\/blogs.correiobraziliense.com.br\/denise\/bolsonaro-iria-para-protesto-se-nao-houvesse-manutencao-de-vetos\/","title":{"rendered":"Bolsonaro iria para protesto se n\u00e3o houvesse manuten\u00e7\u00e3o de vetos"},"content":{"rendered":"<h6><strong>Coluna Bras\u00edlia-DF<\/strong><\/h6>\n<p>Agora est\u00e1 mais calmo, mas&#8230;\u00a0Chegou aos ouvidos de deputados e senadores que, no auge da disputa entre governo e Congresso pelos recursos or\u00e7ament\u00e1rios, Bolsonaro chegou a dizer que iria para a rua se n\u00e3o houvesse a manuten\u00e7\u00e3o dos vetos. E ele n\u00e3o estava blefando.<\/p>\n","protected":false},"excerpt":{"rendered":"<p>Coluna Bras\u00edlia-DF Agora est\u00e1 mais calmo, mas&#8230;\u00a0Chegou aos ouvidos de deputados e senadores que, no auge da disputa entre governo e Congresso pelos recursos or\u00e7ament\u00e1rios, Bolsonaro chegou a dizer que iria para a rua se n\u00e3o houvesse a manuten\u00e7\u00e3o dos vetos. E ele n\u00e3o estava blefando.<\/p>\n","protected":false},"author":29,"featured_media":4900,"comment_status":"closed","ping_status":"closed","sticky":false,"template":"","format":"standard","meta":{"footnotes":""},"categories":[4],"tags":[28,222],"class_list":["post-4897","post","type-post","status-publish","format-standard","has-post-thumbnail","hentry","category-coluna-brasilia-df","tag-bolsonaro","tag-orcamento"],"_links":{"self":[{"href":"https:\/\/blogs.correiobraziliense.com.br\/denise\/wp-json\/wp\/v2\/posts\/4897","targetHints":{"allow":["GET"]}}],"collection":[{"href":"https:\/\/blogs.correiobraziliense.com.br\/denise\/wp-json\/wp\/v2\/posts"}],"about":[{"href":"https:\/\/blogs.correiobraziliense.com.br\/denise\/wp-json\/wp\/v2\/types\/post"}],"author":[{"embeddable":true,"href":"https:\/\/blogs.correiobraziliense.com.br\/denise\/wp-json\/wp\/v2\/users\/29"}],"replies":[{"embeddable":true,"href":"https:\/\/blogs.correiobraziliense.com.br\/denise\/wp-json\/wp\/v2\/comments?post=4897"}],"version-history":[{"count":2,"href":"https:\/\/blogs.correiobraziliense.com.br\/denise\/wp-json\/wp\/v2\/posts\/4897\/revisions"}],"predecessor-version":[{"id":4902,"href":"https:\/\/blogs.correiobraziliense.com.br\/denise\/wp-json\/wp\/v2\/posts\/4897\/revisions\/4902"}],"wp:featuredmedia":[{"embeddable":true,"href":"https:\/\/blogs.correiobraziliense.com.br\/denise\/wp-json\/wp\/v2\/media\/4900"}],"wp:attachment":[{"href":"https:\/\/blogs.correiobraziliense.com.br\/denise\/wp-json\/wp\/v2\/media?parent=4897"}],"wp:term":[{"taxonomy":"category","embeddable":true,"href":"https:\/\/blogs.correiobraziliense.com.br\/denise\/wp-json\/wp\/v2\/categories?post=4897"},{"taxonomy":"post_tag","embeddable":true,"href":"https:\/\/blogs.correiobraziliense.com.br\/denise\/wp-json\/wp\/v2\/tags?post=4897"}],"curies":[{"name":"wp","href":"https:\/\/api.w.org\/{rel}","templated":true}]}}