{"id":4896,"date":"2020-03-04T07:51:40","date_gmt":"2020-03-04T10:51:40","guid":{"rendered":"https:\/\/blogs.correiobraziliense.com.br\/denise\/?p=4896"},"modified":"2020-03-04T07:51:40","modified_gmt":"2020-03-04T10:51:40","slug":"mdb-busca-presidencia-do-senado-e-uma-parte-das-emendas","status":"publish","type":"post","link":"https:\/\/blogs.correiobraziliense.com.br\/denise\/mdb-busca-presidencia-do-senado-e-uma-parte-das-emendas\/","title":{"rendered":"MDB busca presid\u00eancia do Senado e uma parte das emendas"},"content":{"rendered":"<h6><strong>Coluna Bras\u00edlia-DF<\/strong><\/h6>\n<p>O primeiro emedebista a defender abertamente a manuten\u00e7\u00e3o dos vetos do presidente Jair Bolsonaro ao Or\u00e7amento foi o senador Renan Calheiros (AL), principal advers\u00e1rio de Davi Alcolumbre (DEM-AP) na elei\u00e7\u00e3o para presidente do Senado, no ano passado. Com a posi\u00e7\u00e3o da bancada, tanto o alagoano quanto o l\u00edder dos emedebistas, Eduardo Braga (AM), movem uma pe\u00e7a importante no sentido de tentar se posicionar para buscar a presid\u00eancia da Casa ali na frente. De quebra, o MDB deve levar ainda uma parte das emendas ao Or\u00e7amento. Esse \u00e9 o jogo do futuro.<\/p>\n<p>De imediato, tudo o que o partido quer \u00e9 encontrar formas de n\u00e3o deixar seus governadores \u00e0 m\u00edngua. Na lista, os filhos dos senadores Jader Barbalho e de Renan Calheiros (AL) \u2013\u2013 Renan Filho governa Alagoas, e Helder Barbalho, o Par\u00e1.<\/p>\n<h2>\n<strong>Se vetar, perde<\/strong><\/h2>\n<p>Os partidos de oposi\u00e7\u00e3o e de centro se uniram para aprovar o 13\u00ba anual do Bolsa Fam\u00edla \u2013\u2013 e n\u00e3o apenas para 2019, conforme havia proposto o governo \u2013\u2013 e, ainda, para o Benef\u00edcio de Presta\u00e7\u00e3o Continuada (BPC). Agora, se Bolsonaro quiser vetar, vai dar discurso para o PT, que distribuiu v\u00eddeos ontem para marcar a sua posi\u00e7\u00e3o de pai do Bolsa Fam\u00edlia.<\/p>\n<h2>\n<strong>Contagem regressiva I<\/strong><\/h2>\n<p>Ao se encontrar com movimentos sociais e falar em 15 semanas para mudar o Brasil, conforme revelou o Congresso em Foco, o ministro da Economia, Paulo Guedes, se desgastou um pouquinho mais com o parlamento. Ele quer que aprove as reformas tribut\u00e1ria e administrativa, mas, at\u00e9 agora, n\u00e3o entregou as propostas. As que est\u00e3o no Congresso caminham dentro do cronograma.<\/p>\n<h2>\n<strong>Contagem regressiva II<\/strong><\/h2>\n<p>No Senado, Guedes j\u00e1 \u00e9 visto como algu\u00e9m com o prazo de validade praticamente vencido no governo. Forte mesmo \u00e9 o novo ministro de Desenvolvimento Regional, Rog\u00e9rio Marinho, que representou a \u00e1rea econ\u00f4mica na negocia\u00e7\u00e3o da reforma da Previd\u00eancia.<\/p>\n<h2>\n<strong>No embalo dos senadores<\/strong><\/h2>\n<p>Quando o MDB anunciou que votaria pela manuten\u00e7\u00e3o dos vetos, os deputados passaram a seguir essa dire\u00e7\u00e3o. Afinal, se o Senado tem votos para manter os vetos, ningu\u00e9m iria se desgastar apenas para marcar uma posi\u00e7\u00e3o contra o governo.<\/p>\n<h2>\n<strong>Projeto priorit\u00e1rio<\/strong><\/h2>\n<p>O governador de S\u00e3o Paulo, Jo\u00e3o D\u00f3ria, ganhou pontos no mercado, ao conseguir aprovar a sua reforma previdenci\u00e1ria na Assembleia paulista, ontem. Assim, ter\u00e1 mais folga para arrumar as contas, a fim de concorrer \u00e0 reelei\u00e7\u00e3o, daqui a dois anos. \u00c9 o projeto mais palp\u00e1vel hoje.<\/p>\n<p><strong>Neobolsonarista?\/<\/strong> Um grupo conversava animadamente no cafezinho da C\u00e2mara. Eis que chega o senador Eduardo Gomes, comandante da bancada governista no Congresso: \u201cEstou procurando o l\u00edder do governo, Randolfe Rodrigues. Voc\u00eas o viram por a\u00ed?\u201d Randolfe passou o dia defendendo a manuten\u00e7\u00e3o dos vetos presidenciais ao Or\u00e7amento.<\/p>\n<p><strong>Influiu e contribuiu\/<\/strong> A convoca\u00e7\u00e3o do ato de 15 de mar\u00e7o ajudou a acelerar a tentativa de acordo entre os congressistas e o governo para a manuten\u00e7\u00e3o dos vetos. Agora, se continuar na linha de \u201cfora, Maia\u201d ou \u201cfora, Alcolumbre\u201d, a tens\u00e3o entre o Poder Executivo e Legislativo n\u00e3o cessar\u00e1.<\/p>\n<p><strong>Quem tem a for\u00e7a\/<\/strong> A aposta dos petistas \u00e9 a de que Jilmar Tatto trabalha para levar a vaga de candidato a prefeito de S\u00e3o Paulo pelo PT, ainda no primeiro turno. Se ficar para o segundo, dificilmente ele vence.<\/p>\n<p>&nbsp;<\/p>\n","protected":false},"excerpt":{"rendered":"<p>Coluna Bras\u00edlia-DF O primeiro emedebista a defender abertamente a manuten\u00e7\u00e3o dos vetos do presidente Jair Bolsonaro ao Or\u00e7amento foi o senador Renan Calheiros (AL), principal advers\u00e1rio de Davi Alcolumbre (DEM-AP) na elei\u00e7\u00e3o para presidente do Senado, no ano passado. Com a posi\u00e7\u00e3o da bancada, tanto o alagoano quanto o l\u00edder dos emedebistas, Eduardo Braga (AM), movem uma pe\u00e7a importante no [&hellip;]<\/p>\n","protected":false},"author":29,"featured_media":4898,"comment_status":"closed","ping_status":"closed","sticky":false,"template":"","format":"standard","meta":{"footnotes":""},"categories":[4],"tags":[74,222],"class_list":["post-4896","post","type-post","status-publish","format-standard","has-post-thumbnail","hentry","category-coluna-brasilia-df","tag-mdb","tag-orcamento"],"_links":{"self":[{"href":"https:\/\/blogs.correiobraziliense.com.br\/denise\/wp-json\/wp\/v2\/posts\/4896","targetHints":{"allow":["GET"]}}],"collection":[{"href":"https:\/\/blogs.correiobraziliense.com.br\/denise\/wp-json\/wp\/v2\/posts"}],"about":[{"href":"https:\/\/blogs.correiobraziliense.com.br\/denise\/wp-json\/wp\/v2\/types\/post"}],"author":[{"embeddable":true,"href":"https:\/\/blogs.correiobraziliense.com.br\/denise\/wp-json\/wp\/v2\/users\/29"}],"replies":[{"embeddable":true,"href":"https:\/\/blogs.correiobraziliense.com.br\/denise\/wp-json\/wp\/v2\/comments?post=4896"}],"version-history":[{"count":1,"href":"https:\/\/blogs.correiobraziliense.com.br\/denise\/wp-json\/wp\/v2\/posts\/4896\/revisions"}],"predecessor-version":[{"id":4899,"href":"https:\/\/blogs.correiobraziliense.com.br\/denise\/wp-json\/wp\/v2\/posts\/4896\/revisions\/4899"}],"wp:featuredmedia":[{"embeddable":true,"href":"https:\/\/blogs.correiobraziliense.com.br\/denise\/wp-json\/wp\/v2\/media\/4898"}],"wp:attachment":[{"href":"https:\/\/blogs.correiobraziliense.com.br\/denise\/wp-json\/wp\/v2\/media?parent=4896"}],"wp:term":[{"taxonomy":"category","embeddable":true,"href":"https:\/\/blogs.correiobraziliense.com.br\/denise\/wp-json\/wp\/v2\/categories?post=4896"},{"taxonomy":"post_tag","embeddable":true,"href":"https:\/\/blogs.correiobraziliense.com.br\/denise\/wp-json\/wp\/v2\/tags?post=4896"}],"curies":[{"name":"wp","href":"https:\/\/api.w.org\/{rel}","templated":true}]}}