{"id":4889,"date":"2020-03-03T07:56:28","date_gmt":"2020-03-03T10:56:28","guid":{"rendered":"https:\/\/blogs.correiobraziliense.com.br\/denise\/?p=4889"},"modified":"2020-03-03T07:56:28","modified_gmt":"2020-03-03T10:56:28","slug":"acordo-entre-bolsonaro-e-alcolumbre-tem-vetos-em-troca-do-respeito-aos-poderes","status":"publish","type":"post","link":"https:\/\/blogs.correiobraziliense.com.br\/denise\/acordo-entre-bolsonaro-e-alcolumbre-tem-vetos-em-troca-do-respeito-aos-poderes\/","title":{"rendered":"Acordo entre Bolsonaro e Alcolumbre tem vetos em troca do respeito aos Poderes"},"content":{"rendered":"<h6><strong>Coluna Bras\u00edlia-DF<\/strong><\/h6>\n<p>A conversa entre Jair Bolsonaro e o presidente do Senado, Davi Alcolumbre (DEM-RJ), ficou mais ou menos assim: o Congresso mant\u00e9m os vetos \u00e0s leis or\u00e7ament\u00e1rias, que davam um poder quase imperial ao relator da proposta, e, em troca, o presidente da Rep\u00fablica se desdobrar\u00e1 em mensagens de respeito \u00e0 independ\u00eancia dos poderes, e jogar\u00e1 para colocar a manifesta\u00e7\u00e3o de 15 de mar\u00e7o num tamanho ajust\u00e1vel. Ou seja, em defesa do governo e n\u00e3o em ataques diretos ao Supremo Tribunal Federal (STF) e ao Congresso Nacional.<\/p>\n<p>Falta, obviamente, combinar o jogo com a ala radical dos bolsonaristas e com os congressistas. \u00c9 isso que ser\u00e1 feito hoje, at\u00e9 a hora da vota\u00e7\u00e3o. A manuten\u00e7\u00e3o do veto \u00e9 vista como um ponto nevr\u00e1lgico para se distensionar o ambiente pol\u00edtico, e passar \u00e0 discuss\u00e3o das reformas de que o pa\u00eds necessita. Num ano curto por causa do per\u00edodo eleitoral, a tens\u00e3o s\u00f3 reduzir\u00e1 ainda mais o tempo de se agarrar no servi\u00e7o de tentar salvar alguma coisa, em termos de crescimento econ\u00f4mico.<\/p>\n<h2><strong>Suspeitas<\/strong><\/h2>\n<p>Nos bastidores do Congresso, h\u00e1 quem diga que toda a tens\u00e3o na pol\u00edtica vem sob encomenda para que a popula\u00e7\u00e3o n\u00e3o perceba que o governo federal, at\u00e9 agora, n\u00e3o entregou o servi\u00e7o prometido \u2014 leia-se, um crescimento econ\u00f4mico sustent\u00e1vel. No Planalto, por\u00e9m, a ordem \u00e9 \u201cdeixa falar\u201d, porque \u201ca data-limite\u201d para essa entrega \u00e9 o fim do mandato, que, nos c\u00e1lculos palacianos, \u00e9 2026.<\/p>\n<h2><strong>Heleno na mira<\/strong><\/h2>\n<p>A distens\u00e3o com Bolsonaro n\u00e3o significa que o Congresso esteja disposto a esquecer a forma como foi tratado, numa conversa vazada, pelo chefe do Gabinete de Seguran\u00e7a Institucional, Augusto Heleno. Se for ao Congresso, entretanto, o general ter\u00e1 a chance de acenar a bandeira branca. Afinal, o conflito hoje n\u00e3o interessa a ningu\u00e9m.<\/p>\n<h2><strong>O que eles pensam<\/strong><\/h2>\n<p>Os l\u00edderes do governo fazem a seguinte conta para a vota\u00e7\u00e3o de hoje: \u201cNa C\u00e2mara, a derrubada do veto balan\u00e7a. No Senado, essa possibilidade est\u00e1 morta\u201d.<\/p>\n<h2><strong>Onde mora o perigo<\/strong><\/h2>\n<p>O Projeto de Lei 550\/19, conhecido como a nova lei de seguran\u00e7a de barragens, provocou um \u00faltimo apelo do setor, no que se refere \u00e0 remo\u00e7\u00e3o obrigat\u00f3ria dos rejeitos. Em Minas Gerais, houve v\u00e1rios alertas aos parlamentares, no sentido de<br \/>\nlembr\u00e1-los de que mexer em barragens que est\u00e3o consolidadas pode aumentar o risco geot\u00e9cnico. Isso sem contar o desemprego. \u00c9 melhor aumentar a seguran\u00e7a do que mexer no que est\u00e1 feito.<\/p>\n<p><strong>Vem mais\/<\/strong> Paralelamente ao projeto para incluir as mil\u00edcias como organiza\u00e7\u00f5es criminosas, e aumentar as penas dos crimes desse segmento, senadores estudam algo parecido para as mil\u00edcias digitais patrocinadoras das fakes news, que est\u00e3o na mira da CPI presidida pelo senador \u00c2ngelo Coronel (PSB-BA)<\/p>\n<p><strong>\u00c9 s\u00f3 o come\u00e7o\/<\/strong> N\u00e3o se espante, caro leitor, se Ciro Gomes (foto) passar a polemizar quase que diariamente com o ministro da Justi\u00e7a, nas redes sociais. H\u00e1 quem diga que o ex-ministro, ex-governador e ex-deputado cearense sonha com S\u00e9rgio Moro no papel de seu advers\u00e1rio, na pr\u00f3xima elei\u00e7\u00e3o presidencial.<\/p>\n<p><strong>Em movimento\/<\/strong> Considerado um advers\u00e1rio por Bolsonaro, o governador de S\u00e3o Paulo, Jo\u00e3o D\u00f3ria, trabalha incansavelmente na busca de parcerias com outros estados. Ontem, por exemplo, esteve com o governador Romeu Zema, de Minas Gerais, para troca de experi\u00eancias na \u00e1rea de defesa civil, a fim de buscar sa\u00eddas conjuntas para as trag\u00e9dias provocadas pelas fortes chuvas que castigam Minas e S\u00e3o Paulo.<\/p>\n<p><strong>M\u00eas da mulher\/<\/strong> A forma como as redes sociais se referiram \u00e0 primeira-dama Michelle Bolsonaro e \u00e0 deputada Gleisi Hoffmann (PT-PR), no \u00faltimo domingo, refor\u00e7am a imagem de um pa\u00eds mal-educado, dividido e desrespeitoso. Triste Brasil.<\/p>\n","protected":false},"excerpt":{"rendered":"<p>Coluna Bras\u00edlia-DF A conversa entre Jair Bolsonaro e o presidente do Senado, Davi Alcolumbre (DEM-RJ), ficou mais ou menos assim: o Congresso mant\u00e9m os vetos \u00e0s leis or\u00e7ament\u00e1rias, que davam um poder quase imperial ao relator da proposta, e, em troca, o presidente da Rep\u00fablica se desdobrar\u00e1 em mensagens de respeito \u00e0 independ\u00eancia dos poderes, e jogar\u00e1 para colocar a [&hellip;]<\/p>\n","protected":false},"author":29,"featured_media":4891,"comment_status":"closed","ping_status":"closed","sticky":false,"template":"","format":"standard","meta":{"footnotes":""},"categories":[4],"tags":[28,197],"class_list":["post-4889","post","type-post","status-publish","format-standard","has-post-thumbnail","hentry","category-coluna-brasilia-df","tag-bolsonaro","tag-davi-alcolumbre"],"_links":{"self":[{"href":"https:\/\/blogs.correiobraziliense.com.br\/denise\/wp-json\/wp\/v2\/posts\/4889","targetHints":{"allow":["GET"]}}],"collection":[{"href":"https:\/\/blogs.correiobraziliense.com.br\/denise\/wp-json\/wp\/v2\/posts"}],"about":[{"href":"https:\/\/blogs.correiobraziliense.com.br\/denise\/wp-json\/wp\/v2\/types\/post"}],"author":[{"embeddable":true,"href":"https:\/\/blogs.correiobraziliense.com.br\/denise\/wp-json\/wp\/v2\/users\/29"}],"replies":[{"embeddable":true,"href":"https:\/\/blogs.correiobraziliense.com.br\/denise\/wp-json\/wp\/v2\/comments?post=4889"}],"version-history":[{"count":2,"href":"https:\/\/blogs.correiobraziliense.com.br\/denise\/wp-json\/wp\/v2\/posts\/4889\/revisions"}],"predecessor-version":[{"id":4892,"href":"https:\/\/blogs.correiobraziliense.com.br\/denise\/wp-json\/wp\/v2\/posts\/4889\/revisions\/4892"}],"wp:featuredmedia":[{"embeddable":true,"href":"https:\/\/blogs.correiobraziliense.com.br\/denise\/wp-json\/wp\/v2\/media\/4891"}],"wp:attachment":[{"href":"https:\/\/blogs.correiobraziliense.com.br\/denise\/wp-json\/wp\/v2\/media?parent=4889"}],"wp:term":[{"taxonomy":"category","embeddable":true,"href":"https:\/\/blogs.correiobraziliense.com.br\/denise\/wp-json\/wp\/v2\/categories?post=4889"},{"taxonomy":"post_tag","embeddable":true,"href":"https:\/\/blogs.correiobraziliense.com.br\/denise\/wp-json\/wp\/v2\/tags?post=4889"}],"curies":[{"name":"wp","href":"https:\/\/api.w.org\/{rel}","templated":true}]}}