{"id":4887,"date":"2020-03-02T07:54:19","date_gmt":"2020-03-02T10:54:19","guid":{"rendered":"https:\/\/blogs.correiobraziliense.com.br\/denise\/?p=4887"},"modified":"2020-03-02T07:54:19","modified_gmt":"2020-03-02T10:54:19","slug":"aliados-de-bolsonaro-querem-eduardo-na-presidencia-da-camara","status":"publish","type":"post","link":"https:\/\/blogs.correiobraziliense.com.br\/denise\/aliados-de-bolsonaro-querem-eduardo-na-presidencia-da-camara\/","title":{"rendered":"Aliados de Bolsonaro querem Eduardo na presid\u00eancia da C\u00e2mara"},"content":{"rendered":"<h6><strong>Coluna Bras\u00edlia-DF<\/strong><\/h6>\n<p>Nas rodas pol\u00edticas ao longo do carnaval no Rio de Janeiro, aliados do presidente Jair Bolsonaro falaram em lan\u00e7ar o deputado Eduardo Bolsonaro para o comando da C\u00e2mara, de forma a evitar que os mais fi\u00e9is terminem ajudando a elei\u00e7\u00e3o de um candidato apoiado pelo atual presidente da Casa, Rodrigo Maia. Nas esferas congressuais, entretanto, h\u00e1 quem diga que, se o presidente da Rep\u00fablica optar por esse caminho, estreitar\u00e1 ainda mais suas pontes com o Legislativo. Dilma Rousseff, por exemplo, seguiu nessa trilha e deu no que deu.<\/p>\n<p>Em tempo: Eduardo, o 03, passa esta semana nos Estados Unidos, na CPAC (Conservative Political Action Conference), maior evento do pensamento conservador no mundo. E n\u00e3o pensa, no momento, em concorrer \u00e0 Presid\u00eancia da C\u00e2mara. Ele, ali\u00e1s, falou, na sexta-feira, no CPAC, sobre os preju\u00edzos do socialismo para a Am\u00e9rica Latina.<\/p>\n<h2>\n<strong>A briga velada<\/strong><\/h2>\n<p>Os militares j\u00e1 perceberam que, com o Or\u00e7amento impositivo, dificilmente conseguir\u00e3o aumentar suas verbas. Da\u00ed, a discord\u00e2ncia com essa f\u00f3rmula que conta com o apoio da equipe do ministro da Economia, Paulo Guedes. Guedes sempre defendeu que o Congresso tem que ser respons\u00e1vel na hora de lidar com a pe\u00e7a or\u00e7ament\u00e1ria.<\/p>\n<h2>\n<strong>Cobrem dele&#8230;<\/strong><\/h2>\n<p>Parlamentares da Comiss\u00e3o mista de Or\u00e7amento olham com descr\u00e9dito para as redes bolsonaristas que tentam transformar o presidente da C\u00e2mara, Rodrigo Maia (DEM-RJ), em vil\u00e3o do Or\u00e7amento. Rezam as normas internas da Casa que as sess\u00f5es do Congresso s\u00e3o presididas pelo presidente do Senado, Davi Alcolumbre.<\/p>\n<h2>\n<strong>\u2026 e deles<\/strong><\/h2>\n<p>Quem negociou a vota\u00e7\u00e3o do texto que terminou vetado pelo presidente Jair Bolsonaro foram o ministro da Secretaria de Governo, Luiz Eduardo Ramos, e os l\u00edderes no Congresso, Eduardo Gomes (MDB-TO), e no Senado, Fernando Bezerra Coelho. Ou seja, foi um ato com o apoio do governo.<\/p>\n<h2>\n<strong>Como se n\u00e3o bastasse o coronav\u00edrus&#8230;<\/strong><\/h2>\n<p>A imagem de inseguran\u00e7a jur\u00eddica para neg\u00f3cios no Brasil tem crescido na regi\u00e3o de Washington, nos Estados Unidos. A JVL International, transportadora mar\u00edtima com sede em Baltimore, tem apresentado reclama\u00e7\u00f5es em seu pa\u00eds e no Brasil sobre a falta de efetividade de uma decis\u00e3o do Superior Tribunal de Justi\u00e7a (STJ).<\/p>\n<p>Nem mesmo a corte superior conseguiu que a Easylog, uma ex-s\u00f3cia brasileira da JVL, pagasse uma d\u00edvida que, no fim do processo de 13 anos, foi fixada em mais de R$ 3 milh\u00f5es pela ministra Nancy Andrighi. A execu\u00e7\u00e3o, que ainda n\u00e3o ocorreu, est\u00e1 a cargo da ju\u00edza Ana Sganzerla Truccolo, em Itaja\u00ed.<\/p>\n<h2>\n<strong>Apoios de peso<\/strong><\/h2>\n<p>Os americanos anexaram ao processo um parecer favor\u00e1vel a eles escrito pelo ex-presidente do Supremo Tribunal Federal (STF) Joaquim Barbosa. Do outro lado, a Easylog tamb\u00e9m tem apoio importante, porque representa no Brasil a su\u00ed\u00e7a Ceva Logistics, l\u00edder mundial do transporte oce\u00e2nico. Em 2019, com a parceria, a Easylog exportou 11 mil cont\u00eaineres.<\/p>\n<h2><strong>Curtidas<\/strong><\/h2>\n<p><strong>Dele, n\u00e3o\/<\/strong> O pedido de impeachment que o deputado Alexandre Frota (PSL-SP) pretende apresentar contra o presidente Jair Bolsonaro ainda n\u00e3o \u00e9 um dos hits da temporada. \u201cN\u00e3o tem o meu apoio. Isso \u00e9 dor de cotovelo\u201d, diz o deputado J\u00falio Delgado (PSB-MG).<\/p>\n<p><strong>Por falar em impeachment&#8230;\/<\/strong> Os atos de 15 de mar\u00e7o servir\u00e3o para o presidente Jair Bolsonaro mostrar ao Parlamento e ao Judici\u00e1rio que \u00e9 melhor n\u00e3o dar vaz\u00e3o a essas propostas de ape\u00e1-lo do cargo. Afinal, ele tem apoio popular.<\/p>\n<p><strong>\u2026 o vento \u00e9 pr\u00f3-Bolsonaro\/<\/strong> Nem a oposi\u00e7\u00e3o hoje deseja o afastamento do presidente. Ningu\u00e9m se sente seguro de optar por esse caminho, em especial o PT. Afinal, depois de dizer que o impeachment de Dilma foi um golpe, um contra Bolsonaro n\u00e3o seria diferente.<\/p>\n","protected":false},"excerpt":{"rendered":"<p>Coluna Bras\u00edlia-DF Nas rodas pol\u00edticas ao longo do carnaval no Rio de Janeiro, aliados do presidente Jair Bolsonaro falaram em lan\u00e7ar o deputado Eduardo Bolsonaro para o comando da C\u00e2mara, de forma a evitar que os mais fi\u00e9is terminem ajudando a elei\u00e7\u00e3o de um candidato apoiado pelo atual presidente da Casa, Rodrigo Maia. Nas esferas congressuais, entretanto, h\u00e1 quem diga [&hellip;]<\/p>\n","protected":false},"author":29,"featured_media":4417,"comment_status":"closed","ping_status":"closed","sticky":false,"template":"","format":"standard","meta":{"footnotes":""},"categories":[4],"tags":[28,138,51],"class_list":["post-4887","post","type-post","status-publish","format-standard","has-post-thumbnail","hentry","category-coluna-brasilia-df","tag-bolsonaro","tag-eduardo-bolsonaro","tag-rodrigo-maia"],"_links":{"self":[{"href":"https:\/\/blogs.correiobraziliense.com.br\/denise\/wp-json\/wp\/v2\/posts\/4887","targetHints":{"allow":["GET"]}}],"collection":[{"href":"https:\/\/blogs.correiobraziliense.com.br\/denise\/wp-json\/wp\/v2\/posts"}],"about":[{"href":"https:\/\/blogs.correiobraziliense.com.br\/denise\/wp-json\/wp\/v2\/types\/post"}],"author":[{"embeddable":true,"href":"https:\/\/blogs.correiobraziliense.com.br\/denise\/wp-json\/wp\/v2\/users\/29"}],"replies":[{"embeddable":true,"href":"https:\/\/blogs.correiobraziliense.com.br\/denise\/wp-json\/wp\/v2\/comments?post=4887"}],"version-history":[{"count":1,"href":"https:\/\/blogs.correiobraziliense.com.br\/denise\/wp-json\/wp\/v2\/posts\/4887\/revisions"}],"predecessor-version":[{"id":4888,"href":"https:\/\/blogs.correiobraziliense.com.br\/denise\/wp-json\/wp\/v2\/posts\/4887\/revisions\/4888"}],"wp:featuredmedia":[{"embeddable":true,"href":"https:\/\/blogs.correiobraziliense.com.br\/denise\/wp-json\/wp\/v2\/media\/4417"}],"wp:attachment":[{"href":"https:\/\/blogs.correiobraziliense.com.br\/denise\/wp-json\/wp\/v2\/media?parent=4887"}],"wp:term":[{"taxonomy":"category","embeddable":true,"href":"https:\/\/blogs.correiobraziliense.com.br\/denise\/wp-json\/wp\/v2\/categories?post=4887"},{"taxonomy":"post_tag","embeddable":true,"href":"https:\/\/blogs.correiobraziliense.com.br\/denise\/wp-json\/wp\/v2\/tags?post=4887"}],"curies":[{"name":"wp","href":"https:\/\/api.w.org\/{rel}","templated":true}]}}