{"id":4884,"date":"2020-02-28T08:10:12","date_gmt":"2020-02-28T11:10:12","guid":{"rendered":"https:\/\/blogs.correiobraziliense.com.br\/denise\/?p=4884"},"modified":"2020-02-28T08:10:12","modified_gmt":"2020-02-28T11:10:12","slug":"governo-tem-problema-interno-e-externo-no-acordo-do-pl-de-orcamento","status":"publish","type":"post","link":"https:\/\/blogs.correiobraziliense.com.br\/denise\/governo-tem-problema-interno-e-externo-no-acordo-do-pl-de-orcamento\/","title":{"rendered":"Governo tem problema interno e externo no acordo do PL de Or\u00e7amento"},"content":{"rendered":"<h6><strong>Coluna Bras\u00edlia-DF<\/strong><\/h6>\n<p>Parlamentares avisam que caber\u00e1 ao governo afinar a sua orquestra, se poss\u00edvel antes de enviar para o Congresso o projeto de lei fruto do acordo sobre o Or\u00e7amento. No ano passado, quando a Lei de Diretrizes Or\u00e7ament\u00e1rias (LDO) foi aprovada, a \u00e1rea econ\u00f4mica chancelou o Or\u00e7amento Impositivo, diz o deputado Hildo Rocha (MDB-MA), que presidiu o colegiado.<\/p>\n<p>Por\u00e9m, n\u00e3o estava no script dar ao relator \u2014 hoje, o deputado Domingos Neto (PSD-CE) \u2014 poder de deliberar sobre os R$ 30 bilh\u00f5es, nem punir os agentes p\u00fablicos que n\u00e3o liberassem algumas das emendas. \u00c9 nessa parte que o Congresso pode mexer no acordo. Por\u00e9m, as impositivas dificilmente ser\u00e3o revistas. E o governo que se acostume a negociar com o parlamento.<\/p>\n<h2>\n<strong>Vai trocar de m\u00e3os<\/strong><\/h2>\n<p>Os senadores est\u00e3o reclamando do fato de Domingos Neto ter o poder de definir a destina\u00e7\u00e3o de quase R$ 30 bilh\u00f5es. Ocorre que, este ano, quem ficar\u00e1 respons\u00e1vel por essa conta, para tratar do Or\u00e7amento de 2021, ser\u00e1 um senador, que ainda n\u00e3o foi escolhido. A briga maior pelo cargo ser\u00e1 dentro do MDB, partido que tem os dois l\u00edderes do governo.<\/p>\n<h2>\n<strong>Jurisprud\u00eancia &amp; pol\u00edtica<\/strong><\/h2>\n<p>A decis\u00e3o do presidente Jair Bolsonaro de n\u00e3o prorrogar a Garantia da Lei e da Ordem (GLO) no Cear\u00e1 \u00e9 um recado direto a todos os demais dirigentes estaduais que est\u00e3o com problemas de motins de policiais militares. O prazo para solucionar o conflito \u00e9 curto. Na oposi\u00e7\u00e3o, por\u00e9m, a leitura \u00e9 a de que essa n\u00e3o prorroga\u00e7\u00e3o s\u00f3 ocorreu porque o governador do Cear\u00e1, Camilo Santana, \u00e9 do PT.<\/p>\n<h2>\n<strong>Assista e comprove<\/strong><\/h2>\n<p>Ao dizer que havia compartilhado um v\u00eddeo de 2015, o presidente Jair Bolsonaro se esqueceu de que a pe\u00e7a enviada a seus amigos, s\u00e1bado passado, chamando para a manifesta\u00e7\u00e3o de 15 de mar\u00e7o, traz inclusive uma foto de sua posse, em 1\u00ba de janeiro de 2019, ao lado da primeira-dama Michelle Bolsonaro.<\/p>\n<h2>\n<strong>S\u00f3 depende dele<\/strong><\/h2>\n<p>Ali\u00e1s, o presidente foi aconselhado a, em vez de ficar se explicando sobre o v\u00eddeo que compartilhou nas redes, promover o di\u00e1logo com o Congresso, e marcar logo uma conversa com os presidentes dos outros poderes constitu\u00eddos da Rep\u00fablica \u2014 a fim de buscar uma conviv\u00eancia pac\u00edfica. E tamb\u00e9m abrir o di\u00e1logo com os governadores.<\/p>\n<h2>\n<strong>Enquanto isso, no Rio de Janeiro\u2026<\/strong><\/h2>\n<p>Com Bolsonaro se recusando a receb\u00ea-lo, o governador Wilson Witzel engrossa a voz em defesa do impeachment. S\u00f3 tem um probleminha: tem que convencer os congressistas, que, na maioria, n\u00e3o veem motivos para isso. Eles, no geral, consideram que o pa\u00eds precisa \u00e9 de paz para atravessar a crise econ\u00f4mica, que ainda n\u00e3o saiu de cena.<\/p>\n<p><strong>Sozinho na pista\/<\/strong> O deputado Capit\u00e3o Augusto \u00e9 o \u00fanico em campanha aberta para presidente da C\u00e2mara, pedindo voto aos colegas. Entretanto, at\u00e9 aqui, os deputados n\u00e3o apostam um vint\u00e9m na sua vit\u00f3ria.<\/p>\n<p><strong>No cen\u00e1rio de coronav\u00edrus&#8230;\/<\/strong> A Confedera\u00e7\u00e3o Nacional de Sa\u00fade e a Federa\u00e7\u00e3o Nacional dos Estabelecimentos de Servi\u00e7os de Sa\u00fade (Fenaess) far\u00e3o dois dias de discuss\u00f5es sobre \u201cos impactos da reforma tribut\u00e1ria e da jurisprud\u00eancia do Conselho Administrativo de Recursos Fiscais (Carf) sobre o setor de sa\u00fade\u201d. O semin\u00e1rio abordar\u00e1 a necessidade da reforma e da manuten\u00e7\u00e3o da carga tribut\u00e1ria, sem punir este ou aquele setor.<\/p>\n<p><strong>\u2026 o setor chama a aten\u00e7\u00e3o\/<\/strong> O segmento respondeu por 13,7% dos empregos gerados em 2019 e n\u00e3o pode ser desprezado. Tanto \u00e9 que o presidente do Senado, Davi Alcolumbre (DEM-AP), confirmou presen\u00e7a.<\/p>\n<p><strong>Por falar em Alcolumbre&#8230;\/<\/strong> Ele se mant\u00e9m fechado em copas sobre o que deve ser feito para amenizar a crise em torno do compartilhamento de um v\u00eddeo por Bolsonaro, que convoca para manifesta\u00e7\u00e3o em 15 de mar\u00e7o. Quer manter a posi\u00e7\u00e3o de avenida principal para o di\u00e1logo entre o Executivo e o parlamento.<\/p>\n","protected":false},"excerpt":{"rendered":"<p>Coluna Bras\u00edlia-DF Parlamentares avisam que caber\u00e1 ao governo afinar a sua orquestra, se poss\u00edvel antes de enviar para o Congresso o projeto de lei fruto do acordo sobre o Or\u00e7amento. No ano passado, quando a Lei de Diretrizes Or\u00e7ament\u00e1rias (LDO) foi aprovada, a \u00e1rea econ\u00f4mica chancelou o Or\u00e7amento Impositivo, diz o deputado Hildo Rocha (MDB-MA), que presidiu o colegiado. Por\u00e9m, [&hellip;]<\/p>\n","protected":false},"author":29,"featured_media":4885,"comment_status":"closed","ping_status":"closed","sticky":false,"template":"","format":"standard","meta":{"footnotes":""},"categories":[4],"tags":[222],"class_list":["post-4884","post","type-post","status-publish","format-standard","has-post-thumbnail","hentry","category-coluna-brasilia-df","tag-orcamento"],"_links":{"self":[{"href":"https:\/\/blogs.correiobraziliense.com.br\/denise\/wp-json\/wp\/v2\/posts\/4884","targetHints":{"allow":["GET"]}}],"collection":[{"href":"https:\/\/blogs.correiobraziliense.com.br\/denise\/wp-json\/wp\/v2\/posts"}],"about":[{"href":"https:\/\/blogs.correiobraziliense.com.br\/denise\/wp-json\/wp\/v2\/types\/post"}],"author":[{"embeddable":true,"href":"https:\/\/blogs.correiobraziliense.com.br\/denise\/wp-json\/wp\/v2\/users\/29"}],"replies":[{"embeddable":true,"href":"https:\/\/blogs.correiobraziliense.com.br\/denise\/wp-json\/wp\/v2\/comments?post=4884"}],"version-history":[{"count":1,"href":"https:\/\/blogs.correiobraziliense.com.br\/denise\/wp-json\/wp\/v2\/posts\/4884\/revisions"}],"predecessor-version":[{"id":4886,"href":"https:\/\/blogs.correiobraziliense.com.br\/denise\/wp-json\/wp\/v2\/posts\/4884\/revisions\/4886"}],"wp:featuredmedia":[{"embeddable":true,"href":"https:\/\/blogs.correiobraziliense.com.br\/denise\/wp-json\/wp\/v2\/media\/4885"}],"wp:attachment":[{"href":"https:\/\/blogs.correiobraziliense.com.br\/denise\/wp-json\/wp\/v2\/media?parent=4884"}],"wp:term":[{"taxonomy":"category","embeddable":true,"href":"https:\/\/blogs.correiobraziliense.com.br\/denise\/wp-json\/wp\/v2\/categories?post=4884"},{"taxonomy":"post_tag","embeddable":true,"href":"https:\/\/blogs.correiobraziliense.com.br\/denise\/wp-json\/wp\/v2\/tags?post=4884"}],"curies":[{"name":"wp","href":"https:\/\/api.w.org\/{rel}","templated":true}]}}