{"id":4882,"date":"2020-02-27T08:10:14","date_gmt":"2020-02-27T11:10:14","guid":{"rendered":"https:\/\/blogs.correiobraziliense.com.br\/denise\/?p=4882"},"modified":"2020-02-27T08:10:14","modified_gmt":"2020-02-27T11:10:14","slug":"militares-querem-que-bolsonaro-faca-as-pazes-com-o-congresso","status":"publish","type":"post","link":"https:\/\/blogs.correiobraziliense.com.br\/denise\/militares-querem-que-bolsonaro-faca-as-pazes-com-o-congresso\/","title":{"rendered":"Militares querem que Bolsonaro fa\u00e7a as pazes com o Congresso"},"content":{"rendered":"<h6><strong>Coluna Bras\u00edlia-DF<\/strong><\/h6>\n<p>Em conversas reservadas, militares t\u00eam dito que caber\u00e1 ao presidente Jair Bolsonaro buscar os pol\u00edticos e arrefecer os \u00e2nimos em torno da manifesta\u00e7\u00e3o convocada para 15 de mar\u00e7o. Afinal, os problemas decorrentes do coronav\u00edrus, seus reflexos na economia, indicam que a tens\u00e3o j\u00e1 estar\u00e1 alta demais para que a pol\u00edtica venha a balan\u00e7ar ainda mais a \u00e1rvore chamada Brasil.<\/p>\n<p>Alguns militares de alta patente e pr\u00f3ximos ao presidente consideram, inclusive, que o melhor para Bolsonaro seria resolver as quest\u00f5es do Or\u00e7amento na base da conversa e n\u00e3o levando seu pessoal \u00e0s ruas em manifesta\u00e7\u00f5es contra as institui\u00e7\u00f5es. Que saiam \u00e0s ruas, mas em apoio ao presidente e n\u00e3o contra as institui\u00e7\u00f5es.<\/p>\n<p>Hoje, no pr\u00f3prio Congresso, tem crescido o entendimento de que n\u00e3o d\u00e1 para o relator da proposta or\u00e7ament\u00e1ria ter o poder de decidir a destina\u00e7\u00e3o de quase R$ 30 bilh\u00f5es e que as emendas impositivas j\u00e1 est\u00e3o de bom tamanho. Por\u00e9m, se o presidente insuflar manifesta\u00e7\u00f5es contra o parlamento, esse apoio, em vez de crescer, pode minguar. O momento \u00e9 de muito calma nessa hora.<\/p>\n<h2>\n<strong>O papa est\u00e1 chamando<\/strong><\/h2>\n<p>O papa Francisco convocou dois mil economistas, a maioria at\u00e9 35 anos e de v\u00e1rias partes do mundo, para discutir um projeto econ\u00f4mico capaz de reduzir as desigualdades sociais. No convite aos profissionais para um encontro em Assis, no fim de mar\u00e7o, ele diz que \u201cn\u00e3o h\u00e1 raz\u00e3o para haver tanta mis\u00e9ria\u201d. \u201cPrecisamos construir caminhos.\u201d<\/p>\n<h2>\n<strong>Tutti buona genti<\/strong><\/h2>\n<p>Entre os convidados especiais, o indiano Amartya Sen, 86 anos, ganhador do pr\u00eamio Nobel em 1998 e um dos criadores do IDH, e Jeffrey Sachs, 65, autor de <em>O Fim da Pobreza<\/em>. Dos jovens brasileiros, um dos convidados \u00e9 Henrique Delgado, doutorando na Universidade de Denver, nos Estados Unidos.<\/p>\n<h2>\n<strong>Paz, por\u00e9m&#8230;<\/strong><\/h2>\n<p>\u2026 n\u00e3o com todos. O presidente Bolsonaro tem dito a seus aliados que n\u00e3o quer briga com os governadores de um modo geral. A principal exce\u00e7\u00e3o dessa lista \u00e9 Wilson Witzel, do Rio de Janeiro, onde o presidente faz pol\u00edtica.<\/p>\n<h2>\n<strong>Vers\u00f5es<\/strong><\/h2>\n<p>O chefe do Executivo recebe hoje de manh\u00e3, em audi\u00eancias separadas, os ministros da Defesa, Fernando Azevedo, e, logo depois, o ministro da Justi\u00e7a, S\u00e9rgio Moro. Ambos foram a Fortaleza conferir a paralisa\u00e7\u00e3o dos policiais e tentar acabar com a greve. Ele quer ouvir o que cada um tem a dizer sem que combinem as impress\u00f5es sobre o conflito.<\/p>\n<p><strong>Presidente na lida\/<\/strong> Bolsonaro avalia apoiar alguns candidatos a governos municipais, ainda que o Alian\u00e7a pelo Brasil n\u00e3o tenha sa\u00eddo do papel. \u00c9 coisa para a partir de julho, quando a campanha come\u00e7ar a esquentar.<\/p>\n<p><strong>Agora, vai!\/<\/strong> Brasileiro faz piada com tudo. Ontem, um gaiato num restaurante de Bras\u00edlia falava alto. \u201cQuem vai conseguir que a turma n\u00e3o gaste dinheiro no exterior \u00e9 o ministro da Sa\u00fade (Luiz Henrique Mandetta). E s\u00f3 precisou citar um v\u00edrus\u201d. \u00c9, pois \u00e9.<\/p>\n<p><strong>Novo escritor na \u00e1rea\/<\/strong> Felipe Dantas, um jovem brasiliense de 14 anos, lan\u00e7a, neste s\u00e1bado, seu primeiro livro, <em>A Vila dos Magos<\/em>, com sess\u00e3o de aut\u00f3grafos na Leitura do Terra\u00e7o Shopping, a partir das 16h.<\/p>\n<p><strong>Novo escritor na \u00e1rea II\/<\/strong> Desde pequeno, Felipe sempre dizia que sua profiss\u00e3o seria \u201cescritor de livro grosso\u201d. O primeiro chega \u00e0s livrarias com 204 p\u00e1ginas e conta a hist\u00f3ria de quatro amigos que caem numa cilada ao entrar numa casa velha, embarcando num mundo m\u00e1gico. Bras\u00edlia chega aos 60 anos com seus jovens filhos em franca produ\u00e7\u00e3o. Que venham outros!<\/p>\n","protected":false},"excerpt":{"rendered":"<p>Coluna Bras\u00edlia-DF Em conversas reservadas, militares t\u00eam dito que caber\u00e1 ao presidente Jair Bolsonaro buscar os pol\u00edticos e arrefecer os \u00e2nimos em torno da manifesta\u00e7\u00e3o convocada para 15 de mar\u00e7o. Afinal, os problemas decorrentes do coronav\u00edrus, seus reflexos na economia, indicam que a tens\u00e3o j\u00e1 estar\u00e1 alta demais para que a pol\u00edtica venha a balan\u00e7ar ainda mais a \u00e1rvore chamada [&hellip;]<\/p>\n","protected":false},"author":29,"featured_media":3988,"comment_status":"closed","ping_status":"closed","sticky":false,"template":"","format":"standard","meta":{"footnotes":""},"categories":[4],"tags":[28,243,77],"class_list":["post-4882","post","type-post","status-publish","format-standard","has-post-thumbnail","hentry","category-coluna-brasilia-df","tag-bolsonaro","tag-coronavirus","tag-militares"],"_links":{"self":[{"href":"https:\/\/blogs.correiobraziliense.com.br\/denise\/wp-json\/wp\/v2\/posts\/4882","targetHints":{"allow":["GET"]}}],"collection":[{"href":"https:\/\/blogs.correiobraziliense.com.br\/denise\/wp-json\/wp\/v2\/posts"}],"about":[{"href":"https:\/\/blogs.correiobraziliense.com.br\/denise\/wp-json\/wp\/v2\/types\/post"}],"author":[{"embeddable":true,"href":"https:\/\/blogs.correiobraziliense.com.br\/denise\/wp-json\/wp\/v2\/users\/29"}],"replies":[{"embeddable":true,"href":"https:\/\/blogs.correiobraziliense.com.br\/denise\/wp-json\/wp\/v2\/comments?post=4882"}],"version-history":[{"count":1,"href":"https:\/\/blogs.correiobraziliense.com.br\/denise\/wp-json\/wp\/v2\/posts\/4882\/revisions"}],"predecessor-version":[{"id":4883,"href":"https:\/\/blogs.correiobraziliense.com.br\/denise\/wp-json\/wp\/v2\/posts\/4882\/revisions\/4883"}],"wp:featuredmedia":[{"embeddable":true,"href":"https:\/\/blogs.correiobraziliense.com.br\/denise\/wp-json\/wp\/v2\/media\/3988"}],"wp:attachment":[{"href":"https:\/\/blogs.correiobraziliense.com.br\/denise\/wp-json\/wp\/v2\/media?parent=4882"}],"wp:term":[{"taxonomy":"category","embeddable":true,"href":"https:\/\/blogs.correiobraziliense.com.br\/denise\/wp-json\/wp\/v2\/categories?post=4882"},{"taxonomy":"post_tag","embeddable":true,"href":"https:\/\/blogs.correiobraziliense.com.br\/denise\/wp-json\/wp\/v2\/tags?post=4882"}],"curies":[{"name":"wp","href":"https:\/\/api.w.org\/{rel}","templated":true}]}}