{"id":4874,"date":"2020-02-26T08:33:30","date_gmt":"2020-02-26T11:33:30","guid":{"rendered":"https:\/\/blogs.correiobraziliense.com.br\/denise\/?p=4874"},"modified":"2020-02-26T08:38:21","modified_gmt":"2020-02-26T11:38:21","slug":"partido-de-bolsonaro-tem-500-mil-assinaturas-e-so-depende-da-justica-eleitoral","status":"publish","type":"post","link":"https:\/\/blogs.correiobraziliense.com.br\/denise\/partido-de-bolsonaro-tem-500-mil-assinaturas-e-so-depende-da-justica-eleitoral\/","title":{"rendered":"Partido de Bolsonaro tem 500 mil assinaturas e s\u00f3 depende da Justi\u00e7a Eleitoral"},"content":{"rendered":"<h6><strong>Coluna Bras\u00edlia-DF<\/strong><\/h6>\n<p>O que dependia diretamente dos apoiadores do presidente Jair Bolsonaro j\u00e1 foi feito para a forma\u00e7\u00e3o do Alian\u00e7a pelo Brasil \u2014 ou seja, a coleta de mais de 500 mil assinaturas. Por\u00e9m, eles n\u00e3o v\u00e3o parar com essa busca como forma de demonstrar for\u00e7a na largada. Falta, entretanto, a parte mais dif\u00edcil, a confer\u00eancia desses apoios na Justi\u00e7a Eleitoral. Essa parte foi, inclusive, a que evitou a forma\u00e7\u00e3o do partido de Marina Silva a tempo de colocar a ex-senadora como candidata na elei\u00e7\u00e3o de 2014 \u2014 o que a levou a optar pela vice de Eduardo Campos, morto num acidente de avi\u00e3o durante a campanha.<\/p>\n<h2><strong>Gestos que falam alto<\/strong><\/h2>\n<p>A presen\u00e7a do chefe da Secretaria de Governo, Luiz Eduardo Ramos, no feriad\u00e3o de carnaval, ao lado do presidente Jair Bolsonaro, foi um recado direto \u00e0queles que pretendem culpar o ministro pelas agruras governamentais no Congresso. A mensagem \u00e9: \u201cn\u00e3o mexam com Ramos, ele \u00e9 leal\u201d.<\/p>\n<h2><strong>Fim de festa<\/strong><\/h2>\n<p>A reforma administrativa que o governo prepara ser\u00e1 mais profunda do que se divulgou at\u00e9 agora. Ou seja, n\u00e3o vai se restringir \u00e0 extin\u00e7\u00e3o de carreiras em desuso por causa da tecnologia.<\/p>\n<h2><strong>Na encolha<\/strong><\/h2>\n<p>Juntos no carnaval, os governadores de S\u00e3o Paulo, Jo\u00e3o Doria, e do Rio de Janeiro, Wilson Witzel, t\u00eam interesse na corrida presidencial, mas v\u00e3o apostar algumas fichas na reelei\u00e7\u00e3o. Afinal, se Bolsonaro estiver popular no final de 2021, ningu\u00e9m vai arriscar entrar no confronto direto contra o capit\u00e3o.<\/p>\n<h2><strong>Pragmatismo eleitoral<\/strong><\/h2>\n<p>Entre os bolsonaristas, h\u00e1 a certeza de que o maior advers\u00e1rio de Bolsonaro \u00e9 ele mesmo. Por\u00e9m, se a economia apresentar bons resultados, as palavras que o presidente solta aqui e ali ser\u00e3o esquecidas pela maioria do eleitorado.<\/p>\n<h2><strong>Espuma para entreter<\/strong><\/h2>\n<p>\u00c9 assim que os bolsonaristas mais sensatos veem as manifesta\u00e7\u00f5es de protesto contra o presidente nas escolas de samba do Rio, de S\u00e3o Paulo e no carnaval de rua pelo pa\u00eds. Numa democracia, s\u00e3o v\u00e1lidas. Mas, abertamente, nenhum bolsonarista far\u00e1 esse discurso. Faz parte do show manter a pol\u00eamica em alta.<\/p>\n<p><strong>Eduardo na lida\/<\/strong> Enquanto a maioria curte o carnaval, o deputado Eduardo Bolsonaro (PSL-SP) est\u00e1 em Washington para participar da CPAC (Conservative Political Action Conference), a maior confer\u00eancia dos conservadores do mundo, algo que ele planeja trazer para o Brasil a fim de dar embasamento te\u00f3rico e planejamento estrat\u00e9gico para o conservadorismo brasileiro.<\/p>\n<p><strong>Eduardo no discurso\/<\/strong> O deputado brasileiro fala em dois pain\u00e9is: O primeiro deles \u201cCPAC exile: The Unshackled Voices of Socialist Regimes\u201d \u2014 em tradu\u00e7\u00e3o livre,\u201dCPAC ex\u00edlio: As vozes destemidas dos regimes socialistas\u201d. O segundo, \u00e9 \u201cCPAC: The World is Watching\u201d \u2014 \u201cO mundo est\u00e1 assistindo\u201d.<\/p>\n<p><strong>Eduardo no planejamento\/<\/strong> O deputado pretende trazer o know how do evento para o Brasil, para tentar construir uma \u201csociedade mais esclarecida sobre os malef\u00edcios do socialismo e as iscas que eles jogam para pescar apoios e eleitores\u201d. A ideia \u00e9 formar centros de reflex\u00e3o (think tanks) em todo o pa\u00eds. \u201c\u00c9 um trabalho herc\u00faleo, mas todo o ver\u00e3o come\u00e7a com uma andorinha\u201d, diz Eduardo. A CPAC nos Estados Unidos vai at\u00e9 s\u00e1bado.<\/p>\n<p><strong>Eduardo na plateia\/<\/strong> O evento ter\u00e1 um painel espec\u00edfico sobre a China, tratada como \u201co perigo presente\u201d, e v\u00e1rios sobre a luta contra as fake news (sim, eles tamb\u00e9m reclamam desses abusos). Os pontos altos s\u00e3o as palestras do presidente Donald Trump, do vice, Mike Pence, e a exposi\u00e7\u00e3o do secret\u00e1rio de Estado, Michael Pompeo. Pompeo falar\u00e1 no jantar da sexta (com ingressos a US$ 250 ou para aqueles que compraram os pacotes premium de todo o evento, com pre\u00e7os entre US$ 1.200 e US$ 5.750). Os palestrantes na CPAC, obviamente, s\u00e3o convidados.<\/p>\n","protected":false},"excerpt":{"rendered":"<p>Coluna Bras\u00edlia-DF O que dependia diretamente dos apoiadores do presidente Jair Bolsonaro j\u00e1 foi feito para a forma\u00e7\u00e3o do Alian\u00e7a pelo Brasil \u2014 ou seja, a coleta de mais de 500 mil assinaturas. Por\u00e9m, eles n\u00e3o v\u00e3o parar com essa busca como forma de demonstrar for\u00e7a na largada. Falta, entretanto, a parte mais dif\u00edcil, a confer\u00eancia desses apoios na Justi\u00e7a [&hellip;]<\/p>\n","protected":false},"author":29,"featured_media":4876,"comment_status":"closed","ping_status":"closed","sticky":false,"template":"","format":"standard","meta":{"footnotes":""},"categories":[4],"tags":[207,28],"class_list":["post-4874","post","type-post","status-publish","format-standard","has-post-thumbnail","hentry","category-coluna-brasilia-df","tag-alianca-pelo-brasil","tag-bolsonaro"],"_links":{"self":[{"href":"https:\/\/blogs.correiobraziliense.com.br\/denise\/wp-json\/wp\/v2\/posts\/4874","targetHints":{"allow":["GET"]}}],"collection":[{"href":"https:\/\/blogs.correiobraziliense.com.br\/denise\/wp-json\/wp\/v2\/posts"}],"about":[{"href":"https:\/\/blogs.correiobraziliense.com.br\/denise\/wp-json\/wp\/v2\/types\/post"}],"author":[{"embeddable":true,"href":"https:\/\/blogs.correiobraziliense.com.br\/denise\/wp-json\/wp\/v2\/users\/29"}],"replies":[{"embeddable":true,"href":"https:\/\/blogs.correiobraziliense.com.br\/denise\/wp-json\/wp\/v2\/comments?post=4874"}],"version-history":[{"count":3,"href":"https:\/\/blogs.correiobraziliense.com.br\/denise\/wp-json\/wp\/v2\/posts\/4874\/revisions"}],"predecessor-version":[{"id":4879,"href":"https:\/\/blogs.correiobraziliense.com.br\/denise\/wp-json\/wp\/v2\/posts\/4874\/revisions\/4879"}],"wp:featuredmedia":[{"embeddable":true,"href":"https:\/\/blogs.correiobraziliense.com.br\/denise\/wp-json\/wp\/v2\/media\/4876"}],"wp:attachment":[{"href":"https:\/\/blogs.correiobraziliense.com.br\/denise\/wp-json\/wp\/v2\/media?parent=4874"}],"wp:term":[{"taxonomy":"category","embeddable":true,"href":"https:\/\/blogs.correiobraziliense.com.br\/denise\/wp-json\/wp\/v2\/categories?post=4874"},{"taxonomy":"post_tag","embeddable":true,"href":"https:\/\/blogs.correiobraziliense.com.br\/denise\/wp-json\/wp\/v2\/tags?post=4874"}],"curies":[{"name":"wp","href":"https:\/\/api.w.org\/{rel}","templated":true}]}}